{"id":317485,"date":"2022-09-10T07:26:27","date_gmt":"2022-09-10T05:26:27","guid":{"rendered":"https:\/\/www.radioluna.it\/news\/?p=317485"},"modified":"2022-09-12T07:56:44","modified_gmt":"2022-09-12T05:56:44","slug":"accusato-dellomicidio-di-borgo-montello-torna-in-italia-dallindia-e-scatta-larresto-a-malpensa","status":"publish","type":"post","link":"https:\/\/www.radioluna.it\/news\/2022\/09\/accusato-dellomicidio-di-borgo-montello-torna-in-italia-dallindia-e-scatta-larresto-a-malpensa\/","title":{"rendered":"Accusato dell&#8217;omicidio di Borgo Montello, torna in Italia dall&#8217;India e scatta l&#8217;arresto a Malpensa"},"content":{"rendered":"<div id=\"fb-root\"><\/div>\n<p style=\"text-align: justify;\"><strong>LATINA &#8211; <\/strong>E&#8217; sbarcato gioved\u00ec a Milano Malpensa convinto che cambiare zona bastasse a farla franca. Un cittadino indiano di 32 anni \u00e8 stato arrestato dalla squadra mobile di Latina nello scalo lombardo dove era atterrato proveniente dall&#8217;India. E&#8217; accusato di omicidio, porto illegale di pistola e lesioni personali aggravate, gravemente indiziato di aver partecipato alla violenta spedizione punitiva avvenuta nell&#8217;abitazione di un connazionale a Borgo Montello il 30 ottobre 2021 durante i festeggiamenti per la nascita del bambino del padrone di casa. Proprio quest&#8217;ultimo fu ucciso.<\/p>\n<p style=\"text-align: justify;\">Le attivit\u00e0 d\u2019indagine svolte dalla Squadra Mobile subito dopo il fatto portarono il 29 aprile scorso all\u2019esecuzione di un\u2019ordinanza di custodia cautelare in carcere nei confronti di sei cittadini indiani, mentre il 32enne si era reso irreperibile. Era tornato in India ed era certo che le sue tracce si fossero ormai perse. Invece l&#8217;8 settembre, il controllo effettuato dagli agenti della Polizia di Frontiera, lo ha fermato. Risultato destinatario del provvedimento restrittivo poi eseguito, \u00e8 stato portato in carcere ed \u00e8 ora a disposizione dell&#8217;autorit\u00e0 giudiziaria.<\/p>\n<div class=\"radio-posizionamento-telefono-in-articoli-dopo-il-contenuto-articolo radio-entity-placement\" id=\"radio-1762943358\"><div id=\"radio-2880772071\"><a href=\"https:\/\/grupporedi.it\/\" aria-label=\"Redi-Qr\"><img loading=\"lazy\" decoding=\"async\" src=\"https:\/\/www.radioluna.it\/news\/wp-content\/uploads\/2026\/03\/Redi-Qr.jpg\" alt=\"\"  srcset=\"https:\/\/www.radioluna.it\/news\/wp-content\/uploads\/2026\/03\/Redi-Qr.jpg 800w, https:\/\/www.radioluna.it\/news\/wp-content\/uploads\/2026\/03\/Redi-Qr-768x639.jpg 768w\" sizes=\"(max-width: 800px) 100vw, 800px\" width=\"300\" height=\"250\"   \/><\/a><\/div><\/div>","protected":false},"excerpt":{"rendered":"<p>LATINA &#8211; E&#8217; sbarcato gioved\u00ec a Milano Malpensa convinto che cambiare zona bastasse a farla franca. Un cittadino indiano di 32 anni \u00e8 stato arrestato dalla squadra mobile di Latina nello scalo lombardo dove era atterrato proveniente dall&#8217;India. E&#8217; accusato di omicidio, porto illegale di pistola e lesioni personali aggravate, gravemente indiziato di aver partecipato [&hellip;]<\/p>\n","protected":false},"author":62,"featured_media":133571,"comment_status":"open","ping_status":"open","sticky":false,"template":"","format":"standard","meta":{"footnotes":""},"categories":[7],"tags":[],"class_list":["post-317485","post","type-post","status-publish","format-standard","has-post-thumbnail","hentry","category-cronaca"],"_links":{"self":[{"href":"https:\/\/www.radioluna.it\/news\/wp-json\/wp\/v2\/posts\/317485","targetHints":{"allow":["GET"]}}],"collection":[{"href":"https:\/\/www.radioluna.it\/news\/wp-json\/wp\/v2\/posts"}],"about":[{"href":"https:\/\/www.radioluna.it\/news\/wp-json\/wp\/v2\/types\/post"}],"author":[{"embeddable":true,"href":"https:\/\/www.radioluna.it\/news\/wp-json\/wp\/v2\/users\/62"}],"replies":[{"embeddable":true,"href":"https:\/\/www.radioluna.it\/news\/wp-json\/wp\/v2\/comments?post=317485"}],"version-history":[{"count":0,"href":"https:\/\/www.radioluna.it\/news\/wp-json\/wp\/v2\/posts\/317485\/revisions"}],"wp:featuredmedia":[{"embeddable":true,"href":"https:\/\/www.radioluna.it\/news\/wp-json\/wp\/v2\/media\/133571"}],"wp:attachment":[{"href":"https:\/\/www.radioluna.it\/news\/wp-json\/wp\/v2\/media?parent=317485"}],"wp:term":[{"taxonomy":"category","embeddable":true,"href":"https:\/\/www.radioluna.it\/news\/wp-json\/wp\/v2\/categories?post=317485"},{"taxonomy":"post_tag","embeddable":true,"href":"https:\/\/www.radioluna.it\/news\/wp-json\/wp\/v2\/tags?post=317485"}],"curies":[{"name":"wp","href":"https:\/\/api.w.org\/{rel}","templated":true}]}}