{"id":317681,"date":"2022-09-13T13:33:03","date_gmt":"2022-09-13T11:33:03","guid":{"rendered":"https:\/\/www.radioluna.it\/news\/?p=317681"},"modified":"2022-09-22T15:37:33","modified_gmt":"2022-09-22T13:37:33","slug":"latina-festa-per-il-primo-giorno-di-scuola-nel-quartiere-nicolosi","status":"publish","type":"post","link":"https:\/\/www.radioluna.it\/news\/2022\/09\/latina-festa-per-il-primo-giorno-di-scuola-nel-quartiere-nicolosi\/","title":{"rendered":"Latina, festa per il primo giorno di scuola nel quartiere Nicolosi"},"content":{"rendered":"<div id=\"fb-root\"><\/div>\n<p style=\"text-align: justify;\"><strong>LATINA &#8211;<\/strong> Grande festa per il primo giorno di scuola al quartiere Nicolosi. Una mattinata piena di colori che ha visto i bambini protagonisti, grazie alle attivit\u00e0 organizzate dal progetto Mediazione Sociale, promosso dal Comune di Latina. Il Sindaco Damiano Coletta e la Dirigente scolastica Prof.ssa Annarita Mattarolo del I.C. Giovanni Cena hanno dato il benvenuto a studenti, famiglie e docenti della scuola E. De Amicis.<\/p>\n<p style=\"text-align: justify;\">\u201cHo condiviso le emozioni del primo giorno di scuola con i bambini e le bambine delle scuole primarie di borgo Faiti, borgo San Michele e dell\u2019istituto De Amicis\u201d dice il primo cittadino che evidenzia anche quanto importante sia tornare a incontrarsi, condividere e collaborare, proprio come sta avvenendo tra scuola e quartiere attraverso feste, giochi e sport del progetto Mediazione Sociale: \u201cLa socialit\u00e0, troppo spesso impedita negli ultimi due anni, \u00e8 finalmente tornata al centro. Penso che il nuovo anno non potesse partire con un messaggio pi\u00f9 azzeccato e pi\u00f9 potente di questo. In bocca al lupo a tutte e tutti: studenti, studentesse, genitori ed operatori scolastici.\u201d<\/p>\n<p style=\"text-align: justify;\">I bambini della scuola dell\u2019infanzia hanno trascorso momenti di grande allegria, grazie alle letture degli albi illustrati con Francesco e Maria Elena attori della compagnia Botteghe invisibili. Ogni storia ha preso forma e i bambini hanno animato favole meravigliose e creato spazi immaginari.<\/p>\n<p style=\"text-align: justify;\">Tutto questo mentre nei cortili della primaria si scatenava l\u2018energia degli scolari: i maestri Carmine e Niko dell\u2019Accademia pugilistica Leone hanno insegnato come lo sport sia inteso come un gioco e come la boxe aiuti a gestire la forza e le emozioni nel rispetto delle regole e dei compagni di gioco.<\/p>\n<p style=\"text-align: justify;\">Nel pomeriggio le attivit\u00e0 organizzate da Mediazione Sociale son proseguite dalla Scuola E. De Amicis fino alla casa di quartiere di via Milazzo, con ABC e Plastic Free che hanno accompagnato bambini e famiglie attraverso le passeggiate ecologiche e la pratica del porta a porta, a prendersi cura degli spazi verdi e a immaginare nuove attivit\u00e0 per stare insieme.<\/p>\n<p style=\"text-align: justify;\">&#8220;In conclusione, la giornata si \u00e8 rivelata produttiva cos\u00ec come era nel suo intento. Creare una comunit\u00e0 inedita e attrattiva, verso alcuni argomenti come sostenibilit\u00e0, socialit\u00e0 e condivisione mediante il gioco, uno stimolo gentile atto a rendere maggiormente consapevoli i bambini insieme ai loro genitori verso temi cos\u00ec importanti nella quotidianit\u00e0 dei nostri quartieri. Le iniziative di Mediazione Sociale sono un modo per stare insieme, raccontarsi e condividere esigenze e prospettive degli abitanti di quartiere. Da fine settembre partiranno i laboratori di arte, sport, cura del verde e cura della comunit\u00e0 che animeranno i territori interessati dal progetto&#8221;, dicono i promotori del progetto.<\/p>\n<p style=\"text-align: justify;\">La partecipazione ai laboratori \u00e8 gratuita tramite iscrizione con email a iscrizioni@mediazionesocialelatina.it, lasciando i riferimenti di contatto e indicando il tipo di laboratorio di interesse.<\/p>\n<div class=\"radio-posizionamento-telefono-in-articoli-dopo-il-contenuto-articolo radio-entity-placement\" id=\"radio-2071772489\"><div id=\"radio-1262340984\"><a href=\"https:\/\/www.simeoneceramiche.com\/\" aria-label=\"SIMEONE CERAMICHE GIF animata per radioluna_Tavola disegno 1 copia 2 (online-video-cutter.com)\"><img loading=\"lazy\" decoding=\"async\" src=\"https:\/\/www.radioluna.it\/news\/wp-content\/uploads\/2025\/05\/SIMEONE-CERAMICHE-GIF-animata-per-radioluna_Tavola-disegno-1-copia-2-online-video-cutter.com_.gif\" alt=\"\"  width=\"300\" height=\"250\"   \/><\/a><\/div><\/div>","protected":false},"excerpt":{"rendered":"<p>LATINA &#8211; Grande festa per il primo giorno di scuola al quartiere Nicolosi. Una mattinata piena di colori che ha visto i bambini protagonisti, grazie alle attivit\u00e0 organizzate dal progetto Mediazione Sociale, promosso dal Comune di Latina. Il Sindaco Damiano Coletta e la Dirigente scolastica Prof.ssa Annarita Mattarolo del I.C. Giovanni Cena hanno dato il [&hellip;]<\/p>\n","protected":false},"author":60,"featured_media":317687,"comment_status":"open","ping_status":"open","sticky":false,"template":"","format":"gallery","meta":{"footnotes":""},"categories":[248],"tags":[],"class_list":["post-317681","post","type-post","status-publish","format-gallery","has-post-thumbnail","hentry","category-istruzione","post_format-post-format-gallery"],"_links":{"self":[{"href":"https:\/\/www.radioluna.it\/news\/wp-json\/wp\/v2\/posts\/317681","targetHints":{"allow":["GET"]}}],"collection":[{"href":"https:\/\/www.radioluna.it\/news\/wp-json\/wp\/v2\/posts"}],"about":[{"href":"https:\/\/www.radioluna.it\/news\/wp-json\/wp\/v2\/types\/post"}],"author":[{"embeddable":true,"href":"https:\/\/www.radioluna.it\/news\/wp-json\/wp\/v2\/users\/60"}],"replies":[{"embeddable":true,"href":"https:\/\/www.radioluna.it\/news\/wp-json\/wp\/v2\/comments?post=317681"}],"version-history":[{"count":0,"href":"https:\/\/www.radioluna.it\/news\/wp-json\/wp\/v2\/posts\/317681\/revisions"}],"wp:featuredmedia":[{"embeddable":true,"href":"https:\/\/www.radioluna.it\/news\/wp-json\/wp\/v2\/media\/317687"}],"wp:attachment":[{"href":"https:\/\/www.radioluna.it\/news\/wp-json\/wp\/v2\/media?parent=317681"}],"wp:term":[{"taxonomy":"category","embeddable":true,"href":"https:\/\/www.radioluna.it\/news\/wp-json\/wp\/v2\/categories?post=317681"},{"taxonomy":"post_tag","embeddable":true,"href":"https:\/\/www.radioluna.it\/news\/wp-json\/wp\/v2\/tags?post=317681"}],"curies":[{"name":"wp","href":"https:\/\/api.w.org\/{rel}","templated":true}]}}