{"id":317894,"date":"2022-09-16T10:37:55","date_gmt":"2022-09-16T08:37:55","guid":{"rendered":"https:\/\/www.radioluna.it\/news\/?p=317894"},"modified":"2022-09-17T10:55:26","modified_gmt":"2022-09-17T08:55:26","slug":"il-sindaco-coletta-faro-di-tutto-per-trovare-un-accordo-che-garantisca-tutta-la-cittadinanza-ma-la-dignita-non-va-calpestata","status":"publish","type":"post","link":"https:\/\/www.radioluna.it\/news\/2022\/09\/il-sindaco-coletta-faro-di-tutto-per-trovare-un-accordo-che-garantisca-tutta-la-cittadinanza-ma-la-dignita-non-va-calpestata\/","title":{"rendered":"Il sindaco Coletta: &#8220;Far\u00f2 di tutto per trovare un accordo che garantisca tutta la cittadinanza, ma la dignit\u00e0 non va calpestata&#8221;"},"content":{"rendered":"<div id=\"fb-root\"><\/div>\n<p style=\"text-align: justify;\"><strong>LATINA &#8211;<\/strong> Un buco imprevisto nei conti del Comune di Latina \u00e8 il motivo per cui il commissario prefettizio Carmine Valente sta proseguendo il suo lavoro in Piazza del Popolo per gli atti urgenti e non differibili. Sar\u00e0 lui, con i poteri della Giunta, che non \u00e8 stata ancora nominata, e del Consiglio, che sar\u00e0 riunito per la prima seduta il 28 o 29 settembre, ad adottare la variazione di bilancio necessaria per la tenuta dei conti dell&#8217;Ente.<\/p>\n<p style=\"text-align: justify;\">E&#8217; questo uno degli argomenti che abbiamo posto al sindaco di Latina Damiano Coletta ospite oggi su Radio Immagine.<\/p>\n<p style=\"text-align: justify;\">Quali sono le cause del buco di bilancio, perch\u00e9 Abc non ha rispettato il cronoprogramma che avrebbe evitato questa situazione, e poi la situazione politica attuale, il tentativo di ricerca di una nuova maggioranza che possa garantire la prosecuzione dell&#8217;attivit\u00e0 amministrativa evitando un nuovo commissariamento, e l&#8217;opzione dimissioni.<\/p>\n<p style=\"text-align: justify;\">Il sindaco ha annunciato anche che \u00e8 stata fissata la data della commissione di vigilanza chiamata a valutare la scia presentata per il Teatro D&#8217;Annunzio: &#8220;Marted\u00ec 20 settembre alle ore 11 si metteranno sul tavolo tutti i lavori fatti e confidiamo nella possibilit\u00e0 di avere la definitiva certificazione per l&#8217;agibilit\u00e0 antincendio che il teatro di Latina non aveva mai avuto&#8221;.<\/p>\n<p style=\"text-align: justify;\">Nel podcast le risposte del primo cittadino<\/p>\n<p style=\"text-align: justify;\"><strong>IL PODCAST<\/strong><\/p>\n<audio class=\"wp-audio-shortcode\" id=\"audio-317894-1\" preload=\"none\" style=\"width: 100%;\" controls=\"controls\"><source type=\"audio\/mpeg\" src=\"https:\/\/www.radioluna.it\/news\/wp-content\/uploads\/2022\/09\/COLETTA-16-PRIMA-PARTE.mp3?_=1\" \/><a href=\"https:\/\/www.radioluna.it\/news\/wp-content\/uploads\/2022\/09\/COLETTA-16-PRIMA-PARTE.mp3\">https:\/\/www.radioluna.it\/news\/wp-content\/uploads\/2022\/09\/COLETTA-16-PRIMA-PARTE.mp3<\/a><\/audio>\n<audio class=\"wp-audio-shortcode\" id=\"audio-317894-2\" preload=\"none\" style=\"width: 100%;\" controls=\"controls\"><source type=\"audio\/mpeg\" src=\"https:\/\/www.radioluna.it\/news\/wp-content\/uploads\/2022\/09\/COLETTA-16-SECONDA-PARTE.mp3?_=2\" \/><a href=\"https:\/\/www.radioluna.it\/news\/wp-content\/uploads\/2022\/09\/COLETTA-16-SECONDA-PARTE.mp3\">https:\/\/www.radioluna.it\/news\/wp-content\/uploads\/2022\/09\/COLETTA-16-SECONDA-PARTE.mp3<\/a><\/audio>\n<p>&nbsp;<\/p>\n<p style=\"text-align: justify;\">\n<div class=\"radio-posizionamento-telefono-in-articoli-dopo-il-contenuto-articolo radio-entity-placement\" id=\"radio-1560626974\"><div id=\"radio-23303185\"><a href=\"https:\/\/grupporedi.it\/\" aria-label=\"Redi-Qr\"><img loading=\"lazy\" decoding=\"async\" src=\"https:\/\/www.radioluna.it\/news\/wp-content\/uploads\/2026\/03\/Redi-Qr.jpg\" alt=\"\"  srcset=\"https:\/\/www.radioluna.it\/news\/wp-content\/uploads\/2026\/03\/Redi-Qr.jpg 800w, https:\/\/www.radioluna.it\/news\/wp-content\/uploads\/2026\/03\/Redi-Qr-768x639.jpg 768w\" sizes=\"(max-width: 800px) 100vw, 800px\" width=\"300\" height=\"250\"   \/><\/a><\/div><\/div>","protected":false},"excerpt":{"rendered":"<p>LATINA &#8211; Un buco imprevisto nei conti del Comune di Latina \u00e8 il motivo per cui il commissario prefettizio Carmine Valente sta proseguendo il suo lavoro in Piazza del Popolo per gli atti urgenti e non differibili. Sar\u00e0 lui, con i poteri della Giunta, che non \u00e8 stata ancora nominata, e del Consiglio, che sar\u00e0 [&hellip;]<\/p>\n","protected":false},"author":62,"featured_media":0,"comment_status":"open","ping_status":"open","sticky":false,"template":"","format":"standard","meta":{"footnotes":""},"categories":[8],"tags":[],"class_list":["post-317894","post","type-post","status-publish","format-standard","hentry","category-politica"],"_links":{"self":[{"href":"https:\/\/www.radioluna.it\/news\/wp-json\/wp\/v2\/posts\/317894","targetHints":{"allow":["GET"]}}],"collection":[{"href":"https:\/\/www.radioluna.it\/news\/wp-json\/wp\/v2\/posts"}],"about":[{"href":"https:\/\/www.radioluna.it\/news\/wp-json\/wp\/v2\/types\/post"}],"author":[{"embeddable":true,"href":"https:\/\/www.radioluna.it\/news\/wp-json\/wp\/v2\/users\/62"}],"replies":[{"embeddable":true,"href":"https:\/\/www.radioluna.it\/news\/wp-json\/wp\/v2\/comments?post=317894"}],"version-history":[{"count":0,"href":"https:\/\/www.radioluna.it\/news\/wp-json\/wp\/v2\/posts\/317894\/revisions"}],"wp:attachment":[{"href":"https:\/\/www.radioluna.it\/news\/wp-json\/wp\/v2\/media?parent=317894"}],"wp:term":[{"taxonomy":"category","embeddable":true,"href":"https:\/\/www.radioluna.it\/news\/wp-json\/wp\/v2\/categories?post=317894"},{"taxonomy":"post_tag","embeddable":true,"href":"https:\/\/www.radioluna.it\/news\/wp-json\/wp\/v2\/tags?post=317894"}],"curies":[{"name":"wp","href":"https:\/\/api.w.org\/{rel}","templated":true}]}}