{"id":317987,"date":"2022-09-18T10:13:03","date_gmt":"2022-09-18T08:13:03","guid":{"rendered":"https:\/\/www.radioluna.it\/news\/?p=317987"},"modified":"2022-09-22T15:34:43","modified_gmt":"2022-09-22T13:34:43","slug":"a-latina-66-atleti-in-gara-per-il-palio-dei-borghi","status":"publish","type":"post","link":"https:\/\/www.radioluna.it\/news\/2022\/09\/a-latina-66-atleti-in-gara-per-il-palio-dei-borghi\/","title":{"rendered":"A Latina 66 atleti in gara per il Palio dei Borghi"},"content":{"rendered":"<div id=\"fb-root\"><\/div>\n<p style=\"text-align: justify;\"><strong>LATINA &#8211;<\/strong> <strong>Torna a Latina il Palio dei Borghi<\/strong>. Prevalentemente nella zona <strong>ZTL<\/strong>, si correr\u00e0 la terza edizione della manifestazione podistica che coinvolger\u00e0 squadre di atleti dei borghi e del centro citt\u00e0 a cui si aggiungono gli atleti dell\u2019associazione Mondo Disabili Future.<\/p>\n<p style=\"text-align: justify;\">Lo start alle 18 in <strong>piazza del Popolo<\/strong>, dove \u00e8 previsto anche l\u2019arrivo, con raduno da un&#8217;ora prima nella ztl (chiuso al traffico il tratto di via Diaz) per l\u2019evento\u00a0 organizzato dall\u2019<strong>Osservatorio per lo sport e per il turismo sportivo, da Minerva, con l\u2019ente di promozione Asc, il patrocinio del Comune di Latina e in collaborazione con la Consulta dei Borghi. <\/strong><\/p>\n<p style=\"text-align: justify;\">Durante la presentazione\u00a0 nella galleria di <strong>Sport \u201985<\/strong>, <strong>il direttore generale dell\u2019Osservatorio Matteo Sperduti<\/strong> ha sottolineato l\u2019importanza dell\u2019evento cos\u00ec come <strong>Annalisa Muzio<\/strong>, <strong>presidente onoraria dell\u2019Osservatorio<\/strong>, che ha posto l\u2019accento sull\u2019importanza del Palio come strumento per creare un legame pi\u00f9 solido tra il centro citt\u00e0 e i suoi borghi, intesi come petali di un grande fiore. \u00abI Borghi di Latina sono una risorsa notevole ma anche un aspetto caratterizzante del territorio della nostra citt\u00e0, un unicum raro a livello nazionale che per noi sono una grande risorsa, indispensabile per la creazione di un\u2019identit\u00e0 cittadina &#8211; ha sottolineato la Muzio &#8211; Il Palio serve proprio a cementare questo legame tra il centro e i borghi, senza dimenticare l\u2019aspetto dell\u2019inclusione grazie alla presenza dell\u2019associazione Mondo Disabili Future, una realt\u00e0 importante perch\u00e9 svolge un ruolo di supporto alle famiglie grazie all\u2019impegno quotidiano dei volontari\u00bb. Ha preso la parola anche il sindaco di Latina Damiano Coletta, poi il vice presidente dell\u2019Osservatorio Angelo Conti, mentre Gianluca Marchionne (Asc), ha illustrato l\u2019evento dal punto di vista sportivo.<\/p>\n<p style=\"text-align: justify;\"><strong>LE SQUADRE<\/strong> &#8211; <strong>Borgo Podgoda<\/strong>: Roberta Nicosanti, Massimo Middei, Fabiana Segala, Gaetano Furio, Laura Chimera e Gabriele Carraroli. <strong>Latina Scalo<\/strong>: Katia Marrandino, Mauro Anzalone, Alessandra Spagnoli, Devis D\u2019Arpino, Stefania Gavillucci e Andrea Anzalone. <strong>San Michele<\/strong>: Barbara Fiorentino, Riccardo Forino, Maria Cristina Maione, Francesco Forino, Eleonora D\u2019Onofrio e Tullio Ab\u00e0. <strong>Borgo Grappa<\/strong>: Daniela Bellamio, Pierluca Terminiello, Elisa Abietta, Domenico Ponsillo, Gaia Gerardini e Andrea Mercuri. <strong>Borgo Piave<\/strong>: Anna Morelli, Daniele Torriani, Milena Guerra, Marco Consalvi, Rita Lanzetta e Fabio Mangion. <strong>Borgo Isonzo<\/strong>: Alessia Tartaglione, Francesco Favaro, Cristina Pucello, Thierry Bevilacqua, Natascia Topatigh e Marco Zorzo. <strong>Borgo Montello<\/strong>: Agnieszka Magorzata Wojtal, Daniele Visentini, Francesca Brignone, Tiziano Alibardi, Francesca Macinenti e Davide Mangiapelo. <strong>Borgo Santa Maria<\/strong>: Stefania Nardin, Gabriele Zanchetta, Elena Lucia Dura, Angelo Alibardi, Federica Bordin e Leonardo Bordin. <strong>Borgo Faiti<\/strong>: Emilia Menichelli, Roberto Zorzo, Silvia Dolo, Aldo Onorati, Alessandra Turrini e Giorgio Fiorin. <strong>Mondo Disabili Future<\/strong>: Onofrio Santino Alfieri, Carla Berlincioni, Barbara Gobbo, Beatrice Rummo, Giorgia Sabatini, Adriano Percoco, Fabrizio Percoco e Demis Ramad\u00f9. <strong>Borgo Sabotino<\/strong>: Antonella Andriollo, Gabriele Riva, Federica Di Stasio, Alberto Riva, Giorgia Guttilla e Andrea Troisi. <strong>Borgo Carso<\/strong>: Stefania Fracchiolla, Piercarlo Lava, Ilaria Martelli, Mirko Tramet, Katia Addonisio e Alessio Porcelli.<\/p>\n<p style=\"text-align: justify;\">Gli sponsor che supportano la manifestazione sono: Sport \u201985, Dolce Notte, Cantina Villa Gianna, Eco Clean, Musichrome, Ferrari Dental e Assicurazioni Generali, digital partner Redpine.<\/p>\n<div class=\"radio-posizionamento-telefono-in-articoli-dopo-il-contenuto-articolo radio-entity-placement\" id=\"radio-2012043802\"><div id=\"radio-3660175546\"><a href=\"https:\/\/www.simeoneceramiche.com\/\" aria-label=\"SIMEONE CERAMICHE GIF animata per radioluna_Tavola disegno 1 copia 2 (online-video-cutter.com)\"><img loading=\"lazy\" decoding=\"async\" src=\"https:\/\/www.radioluna.it\/news\/wp-content\/uploads\/2025\/05\/SIMEONE-CERAMICHE-GIF-animata-per-radioluna_Tavola-disegno-1-copia-2-online-video-cutter.com_.gif\" alt=\"\"  width=\"300\" height=\"250\"   \/><\/a><\/div><\/div>","protected":false},"excerpt":{"rendered":"<p>LATINA &#8211; Torna a Latina il Palio dei Borghi. Prevalentemente nella zona ZTL, si correr\u00e0 la terza edizione della manifestazione podistica che coinvolger\u00e0 squadre di atleti dei borghi e del centro citt\u00e0 a cui si aggiungono gli atleti dell\u2019associazione Mondo Disabili Future. Lo start alle 18 in piazza del Popolo, dove \u00e8 previsto anche l\u2019arrivo, [&hellip;]<\/p>\n","protected":false},"author":5430,"featured_media":317988,"comment_status":"open","ping_status":"open","sticky":false,"template":"","format":"standard","meta":{"footnotes":""},"categories":[17],"tags":[],"class_list":["post-317987","post","type-post","status-publish","format-standard","has-post-thumbnail","hentry","category-sport"],"_links":{"self":[{"href":"https:\/\/www.radioluna.it\/news\/wp-json\/wp\/v2\/posts\/317987","targetHints":{"allow":["GET"]}}],"collection":[{"href":"https:\/\/www.radioluna.it\/news\/wp-json\/wp\/v2\/posts"}],"about":[{"href":"https:\/\/www.radioluna.it\/news\/wp-json\/wp\/v2\/types\/post"}],"author":[{"embeddable":true,"href":"https:\/\/www.radioluna.it\/news\/wp-json\/wp\/v2\/users\/5430"}],"replies":[{"embeddable":true,"href":"https:\/\/www.radioluna.it\/news\/wp-json\/wp\/v2\/comments?post=317987"}],"version-history":[{"count":0,"href":"https:\/\/www.radioluna.it\/news\/wp-json\/wp\/v2\/posts\/317987\/revisions"}],"wp:featuredmedia":[{"embeddable":true,"href":"https:\/\/www.radioluna.it\/news\/wp-json\/wp\/v2\/media\/317988"}],"wp:attachment":[{"href":"https:\/\/www.radioluna.it\/news\/wp-json\/wp\/v2\/media?parent=317987"}],"wp:term":[{"taxonomy":"category","embeddable":true,"href":"https:\/\/www.radioluna.it\/news\/wp-json\/wp\/v2\/categories?post=317987"},{"taxonomy":"post_tag","embeddable":true,"href":"https:\/\/www.radioluna.it\/news\/wp-json\/wp\/v2\/tags?post=317987"}],"curies":[{"name":"wp","href":"https:\/\/api.w.org\/{rel}","templated":true}]}}