{"id":317991,"date":"2022-09-18T10:48:16","date_gmt":"2022-09-18T08:48:16","guid":{"rendered":"https:\/\/www.radioluna.it\/news\/?p=317991"},"modified":"2022-09-18T10:48:16","modified_gmt":"2022-09-18T08:48:16","slug":"latina-nel-cuore-ribadisce-tutto-il-centrodestra-per-la-sfiducia-a-coletta","status":"publish","type":"post","link":"https:\/\/www.radioluna.it\/news\/2022\/09\/latina-nel-cuore-ribadisce-tutto-il-centrodestra-per-la-sfiducia-a-coletta\/","title":{"rendered":"Latina nel cuore ribadisce: &#8220;Tutto il centrodestra per la sfiducia a Coletta&#8221;"},"content":{"rendered":"<div id=\"fb-root\"><\/div>\n<p style=\"text-align: justify;\"><strong>LATINA &#8211;<\/strong>\u00a0 Un incontro promosso dal movimento \u00a0Latina Nel Cuore al Circolo cittadino, per incontrare i candidati del centrodestra in vista delle elezioni politiche, \u00e8 stata l\u2019occasione per ribadire l\u2019impegno di tutti gli esponenti del centrodestra a procedere alla sfiducia del sindaco Damiano Coletta. &#8220;Un obiettivo chiaro ribadito pi\u00f9 volte da tutti i presenti al tavolo&#8221;, si legge in una nota del movimento politico fondato dall&#8217;ex sindaco Vincenzo Zaccheo. Ed \u00e8 stato in particolare proprio Zaccheo a dirsi determinato pi\u00f9&#8221; che mai a trainare i partiti verso la sfiducia, consapevole di avere alle spalle il partito pi\u00f9 importante: la citt\u00e0 di Latina&#8221;.<\/p>\n<p style=\"text-align: justify;\">Presenti all\u2019incontro Dino Iavarone di Latina nel Cuore, il Candidato nel Collegio Plurinominale Camera Lazio2 della Lega Nicola Ottaviani, il Candidato nel Collegio Plurinominale Camera Lazio2 di Noi moderati-UDC Pino Disangiuliano, la Candidata nel Collegio Plurinominale Camera Lazio2 di Noi moderati-UDC Maria Chiara Fazio, il Candidato nel Collegio Plurinominale Camera Lazio2 di Forza Italia Cosimo Mitrano, il Candidato nel Collegio Plurinominale Senato Lazio2 di Forza Italia Maurizio Gasparri, il Candidato nel Collegio Plurinominale Camera Lazio2 della Lega Vincenzo Valletta, il Candidato nel Collegio Plurinominale Senato Lazio2 di Fratelli d&#8217;Italia Nicola Calandrini, la Candidata nel Collegio Uninominale Camera Lazio2 di Fratelli d&#8217;Italia Chiara Colosimo e l&#8217;Onorevole Vincenzo Zaccheo.<\/p>\n<div class=\"radio-posizionamento-telefono-in-articoli-dopo-il-contenuto-articolo radio-entity-placement\" id=\"radio-1400518893\"><div id=\"radio-1504330877\"><a href=\"https:\/\/www.simeoneceramiche.com\/\" aria-label=\"SIMEONE CERAMICHE GIF animata per radioluna_Tavola disegno 1 copia 2 (online-video-cutter.com)\"><img loading=\"lazy\" decoding=\"async\" src=\"https:\/\/www.radioluna.it\/news\/wp-content\/uploads\/2025\/05\/SIMEONE-CERAMICHE-GIF-animata-per-radioluna_Tavola-disegno-1-copia-2-online-video-cutter.com_.gif\" alt=\"\"  width=\"300\" height=\"250\"   \/><\/a><\/div><\/div>","protected":false},"excerpt":{"rendered":"<p>LATINA &#8211;\u00a0 Un incontro promosso dal movimento \u00a0Latina Nel Cuore al Circolo cittadino, per incontrare i candidati del centrodestra in vista delle elezioni politiche, \u00e8 stata l\u2019occasione per ribadire l\u2019impegno di tutti gli esponenti del centrodestra a procedere alla sfiducia del sindaco Damiano Coletta. &#8220;Un obiettivo chiaro ribadito pi\u00f9 volte da tutti i presenti al [&hellip;]<\/p>\n","protected":false},"author":60,"featured_media":317992,"comment_status":"open","ping_status":"open","sticky":false,"template":"","format":"standard","meta":{"footnotes":""},"categories":[8],"tags":[],"class_list":["post-317991","post","type-post","status-publish","format-standard","has-post-thumbnail","hentry","category-politica"],"_links":{"self":[{"href":"https:\/\/www.radioluna.it\/news\/wp-json\/wp\/v2\/posts\/317991","targetHints":{"allow":["GET"]}}],"collection":[{"href":"https:\/\/www.radioluna.it\/news\/wp-json\/wp\/v2\/posts"}],"about":[{"href":"https:\/\/www.radioluna.it\/news\/wp-json\/wp\/v2\/types\/post"}],"author":[{"embeddable":true,"href":"https:\/\/www.radioluna.it\/news\/wp-json\/wp\/v2\/users\/60"}],"replies":[{"embeddable":true,"href":"https:\/\/www.radioluna.it\/news\/wp-json\/wp\/v2\/comments?post=317991"}],"version-history":[{"count":0,"href":"https:\/\/www.radioluna.it\/news\/wp-json\/wp\/v2\/posts\/317991\/revisions"}],"wp:featuredmedia":[{"embeddable":true,"href":"https:\/\/www.radioluna.it\/news\/wp-json\/wp\/v2\/media\/317992"}],"wp:attachment":[{"href":"https:\/\/www.radioluna.it\/news\/wp-json\/wp\/v2\/media?parent=317991"}],"wp:term":[{"taxonomy":"category","embeddable":true,"href":"https:\/\/www.radioluna.it\/news\/wp-json\/wp\/v2\/categories?post=317991"},{"taxonomy":"post_tag","embeddable":true,"href":"https:\/\/www.radioluna.it\/news\/wp-json\/wp\/v2\/tags?post=317991"}],"curies":[{"name":"wp","href":"https:\/\/api.w.org\/{rel}","templated":true}]}}