{"id":318053,"date":"2022-09-19T09:58:26","date_gmt":"2022-09-19T07:58:26","guid":{"rendered":"https:\/\/www.radioluna.it\/news\/?p=318053"},"modified":"2022-09-20T10:20:07","modified_gmt":"2022-09-20T08:20:07","slug":"una-studentessa-di-aprilia-al-the-economy-of-francesco","status":"publish","type":"post","link":"https:\/\/www.radioluna.it\/news\/2022\/09\/una-studentessa-di-aprilia-al-the-economy-of-francesco\/","title":{"rendered":"Una studentessa di Aprilia al The Economy of Francesco"},"content":{"rendered":"<div id=\"fb-root\"><\/div>\n<p style=\"text-align: justify;\"><strong>APRILIA &#8211;<\/strong> L&#8217;Istituto Carlo e Nello Rosselli di Aprilia sar\u00e0 presente al <strong><em>The Economy of Francesco<\/em><\/strong>, in programma ad Assisi dal 22 al 24 settembre. A rappresentarlo sar\u00e0 <strong>Pamela Martinelli,<\/strong>\u00a0studentessa della<strong> quarta A di Relazioni internazionali per il marketing<\/strong>. Ci\u00f2 grazie anche alla collaborazione con Enti del Terzo Settore. Promosso da <strong>papa Francesco<\/strong>, l&#8217;incontro \u00e8 rivolto a economisti, imprenditori e promotori di \u201ceconomia\u00a0 sostenibile\u201d under 35 di tutto il mondo con lo scopo di discutere un nuovo modo di intendere l&#8217;economia secondo lo spirito di <strong>San Francesco d&#8217;Assisi<\/strong>, ovvero di temi vicini alla cosiddetta\u00a0 <strong>economia civile<\/strong>.<\/p>\n<p style=\"text-align: justify;\">La convention \u00e8 anche aperta a giovani provenienti da tutti e sei i continenti, che potranno cos\u00ec confrontarsi con alcuni esperti mondiali del settore, \u00a0come Vandana Shiva, Jeffrey Sachs, Kate Raworth, Gael Giraud, Sabina Alkire, Suor Helen Alford, Vilson Groh e Stefano Zamagni.<\/p>\n<p style=\"text-align: justify;\">\u201cQuello sull\u2019economia sociale &#8211; ha affermato<strong> Ugo Vitti, dirigente scolastico dell&#8217;Istituto \u201cCarlo e Nello Rosselli\u201d di Aprilia<\/strong> &#8211; \u00e8 sicuramente uno tra i temi pi\u00f9 dibattuti in questi anni di crisi e di ricerca di soluzioni alternative alle grosse disparit\u00e0 economiche globali. Per realizzarla, l&#8217;economia sociale, per\u00f2 occorre promuoverla soprattutto tra i giovani che saranno i veri protagonisti del futuro. Per l&#8217;occasione, la citt\u00e0 di Assisi verr\u00e0 divisa in dodici villaggi tematici corrispondenti ad altrettanti luoghi suggestivi, come ad esempio la Basilica di Santa Maria degli Angeli, la Basilica di Santa Chiara o lo storico Istituto Serafico. All\u2019interno di questi villaggi si terranno conferenze, workshop e tavoli di lavoro durante i quali\u00a0 verranno raccolti i contributi di tutti i partecipanti (pi\u00f9 di mille) impegnati in un processo di dialogo inclusivo e di cambiamento globale, giovane e vibrante, verso una nuova economia. Durante la giornata conclusiva, alla presenza di Papa Francesco, verr\u00e0 lanciato un \u201cpatto\u201d per cambiare l\u2019attuale economia e dare un\u2019anima all\u2019economia del domani.<\/p>\n<p style=\"text-align: justify;\">\u201cLa partecipazione della nostra studentessa all&#8217;incontro \u2013 ha precisato il dirigente scolastico \u2013 \u00e8 stata possibile anche per il nuovo modo di interpretare il rapporto di collaborazione tra la scuola e gli altri soggetti della comunit\u00e0 educante, in particolar modo gli <strong>Enti del Terzo Settore<\/strong>, alcuni dei quali hanno voluto farsi carico delle spese di partecipazione e di vitto e alloggio della ragazza e del docente accompagnatore, nell\u2019ottica della creazione della classe dirigente dell\u2019economia sociale del futuro. Dobbiamo ringraziare anche\u00a0<strong> l\u2019Ufficio Territoriale Scolastico di Latina<\/strong> che, come al solito, ha svolto le funzioni di &#8216;facilitatore&#8217; del progetto. L\u2019iniziativa dimostra che la scuola, quando vuole &#8211; ha concluso Ugo Vitti &#8211; sa essere all\u2019altezza delle nuove e difficili sfide a cui il nostro tempo ci mette davanti. Dare la possibilit\u00e0 ad una nostra studentessa di partecipare ad un evento di questa portata ci rende particolarmente orgogliosi\u201d.<\/p>\n<div class=\"radio-posizionamento-telefono-in-articoli-dopo-il-contenuto-articolo radio-entity-placement\" id=\"radio-36375031\"><div id=\"radio-1511328525\" style=\"width: 300px;height: 250px;\"><a href=\"https:\/\/www.icarspa.it\/auto\/usate\/latina\/\" aria-label=\"banner aprile icar new life &#8211; auto usate latina\"><img loading=\"lazy\" decoding=\"async\" src=\"https:\/\/www.radioluna.it\/news\/wp-content\/uploads\/2026\/02\/banner-aprile-icar-new-life-auto-usate-latina.gif\" alt=\"\"  width=\"300\" height=\"250\"   \/><\/a><\/div><\/div>","protected":false},"excerpt":{"rendered":"<p>APRILIA &#8211; L&#8217;Istituto Carlo e Nello Rosselli di Aprilia sar\u00e0 presente al The Economy of Francesco, in programma ad Assisi dal 22 al 24 settembre. A rappresentarlo sar\u00e0 Pamela Martinelli,\u00a0studentessa della quarta A di Relazioni internazionali per il marketing. Ci\u00f2 grazie anche alla collaborazione con Enti del Terzo Settore. Promosso da papa Francesco, l&#8217;incontro \u00e8 [&hellip;]<\/p>\n","protected":false},"author":62,"featured_media":318054,"comment_status":"open","ping_status":"open","sticky":false,"template":"","format":"standard","meta":{"footnotes":""},"categories":[248],"tags":[],"class_list":["post-318053","post","type-post","status-publish","format-standard","has-post-thumbnail","hentry","category-istruzione"],"_links":{"self":[{"href":"https:\/\/www.radioluna.it\/news\/wp-json\/wp\/v2\/posts\/318053","targetHints":{"allow":["GET"]}}],"collection":[{"href":"https:\/\/www.radioluna.it\/news\/wp-json\/wp\/v2\/posts"}],"about":[{"href":"https:\/\/www.radioluna.it\/news\/wp-json\/wp\/v2\/types\/post"}],"author":[{"embeddable":true,"href":"https:\/\/www.radioluna.it\/news\/wp-json\/wp\/v2\/users\/62"}],"replies":[{"embeddable":true,"href":"https:\/\/www.radioluna.it\/news\/wp-json\/wp\/v2\/comments?post=318053"}],"version-history":[{"count":0,"href":"https:\/\/www.radioluna.it\/news\/wp-json\/wp\/v2\/posts\/318053\/revisions"}],"wp:featuredmedia":[{"embeddable":true,"href":"https:\/\/www.radioluna.it\/news\/wp-json\/wp\/v2\/media\/318054"}],"wp:attachment":[{"href":"https:\/\/www.radioluna.it\/news\/wp-json\/wp\/v2\/media?parent=318053"}],"wp:term":[{"taxonomy":"category","embeddable":true,"href":"https:\/\/www.radioluna.it\/news\/wp-json\/wp\/v2\/categories?post=318053"},{"taxonomy":"post_tag","embeddable":true,"href":"https:\/\/www.radioluna.it\/news\/wp-json\/wp\/v2\/tags?post=318053"}],"curies":[{"name":"wp","href":"https:\/\/api.w.org\/{rel}","templated":true}]}}