{"id":318087,"date":"2022-09-19T17:52:39","date_gmt":"2022-09-19T15:52:39","guid":{"rendered":"https:\/\/www.radioluna.it\/news\/?p=318087"},"modified":"2022-09-22T15:33:30","modified_gmt":"2022-09-22T13:33:30","slug":"cisterna-piange-la-scomparsa-dello-storico-comandante-dei-vigili-urbani","status":"publish","type":"post","link":"https:\/\/www.radioluna.it\/news\/2022\/09\/cisterna-piange-la-scomparsa-dello-storico-comandante-dei-vigili-urbani\/","title":{"rendered":"Cisterna piange la scomparsa dello storico comandante dei Vigili urbani"},"content":{"rendered":"<div id=\"fb-root\"><\/div>\n<p style=\"text-align: justify;\">\u00c8 venuto a mancare nelle prime ore di quest&#8217;oggi l&#8217;indimenticato comandante dei Vigili Urbani di Cisterna, Francesco Manco. Nato a San Prisco (CE) il 07.05.1947, Franco &#8211; come lo chiamavano tutti -, ha vissuto a Cisterna dall\u2019et\u00e0 di 8 anni, epoca in cui ci si trasfer\u00ec con l\u2019intera famiglia. Nel 1973 entrava in servizio presso il Comando dei Vigili Urbani di Cisterna di Latina come Agente e nel 1985, a seguito di concorso, veniva nominato Maresciallo Maggiore. All\u2019interno del Comando ha saputo sempre distinguersi per le sue capacit\u00e0 organizzative e di mediazione, riuscendo a ottenere la stima e il rispetto dei suoi colleghi e dell\u2019intera comunit\u00e0, di cui ne aveva cura e considerazione. Si caratterizzava soprattutto per il dialogo e per la fermezza delle sue decisione che sapeva prendere con coraggio e determinazione. Nel 2000 \u00e8 stato nominato Comandante e ha terminato la carriera il 31 dicembre 2003, anno in cui ha raggiunto la meritata pensione. Francesco Manco ha saputo nel corso della sua carriera farsi volere bene e nonostante erano oramai 19 anni che era in pensione aveva mantenuto ottimi rapporti non solo con i colleghi ma con tutte le persone che lo conoscevano.<br \/>\nGrande appassionato di fotografia e storia locale, \u00e8 l\u2019aspetto umano ad aver caratterizzato l\u2019operato di Manco nel periodo del suo Comando. Vicino alla cittadinanza ed agli appartenenti alla Polizia Locale con i quali ha saputo creare un clima di serenit\u00e0 e collaborazione elevando la professionalit\u00e0 degli appartenenti al Corpo mettendo le basi per il futuro della sicurezza nella citt\u00e0. Il sindaco, l&#8217;amministrazione, gli ex colleghi, il comandante e tutto il corpo di Polizia locale esprimono cordoglio per la scomparsa del caro Franco.<\/p>\n<p style=\"text-align: justify;\">Domani alle ore 15 si terr\u00e0 il rito funebre nella Chiesa di Santa Maria Assunta.<\/p>\n","protected":false},"excerpt":{"rendered":"<p>\u00c8 venuto a mancare nelle prime ore di quest&#8217;oggi l&#8217;indimenticato comandante dei Vigili Urbani di Cisterna, Francesco Manco. Nato a San Prisco (CE) il 07.05.1947, Franco &#8211; come lo chiamavano tutti -, ha vissuto a Cisterna dall\u2019et\u00e0 di 8 anni, epoca in cui ci si trasfer\u00ec con l\u2019intera famiglia. Nel 1973 entrava in servizio presso [&hellip;]<\/p>\n","protected":false},"author":60,"featured_media":0,"comment_status":"open","ping_status":"open","sticky":false,"template":"","format":"standard","meta":{"footnotes":""},"categories":[7],"tags":[],"class_list":["post-318087","post","type-post","status-publish","format-standard","hentry","category-cronaca"],"_links":{"self":[{"href":"https:\/\/www.radioluna.it\/news\/wp-json\/wp\/v2\/posts\/318087","targetHints":{"allow":["GET"]}}],"collection":[{"href":"https:\/\/www.radioluna.it\/news\/wp-json\/wp\/v2\/posts"}],"about":[{"href":"https:\/\/www.radioluna.it\/news\/wp-json\/wp\/v2\/types\/post"}],"author":[{"embeddable":true,"href":"https:\/\/www.radioluna.it\/news\/wp-json\/wp\/v2\/users\/60"}],"replies":[{"embeddable":true,"href":"https:\/\/www.radioluna.it\/news\/wp-json\/wp\/v2\/comments?post=318087"}],"version-history":[{"count":0,"href":"https:\/\/www.radioluna.it\/news\/wp-json\/wp\/v2\/posts\/318087\/revisions"}],"wp:attachment":[{"href":"https:\/\/www.radioluna.it\/news\/wp-json\/wp\/v2\/media?parent=318087"}],"wp:term":[{"taxonomy":"category","embeddable":true,"href":"https:\/\/www.radioluna.it\/news\/wp-json\/wp\/v2\/categories?post=318087"},{"taxonomy":"post_tag","embeddable":true,"href":"https:\/\/www.radioluna.it\/news\/wp-json\/wp\/v2\/tags?post=318087"}],"curies":[{"name":"wp","href":"https:\/\/api.w.org\/{rel}","templated":true}]}}