{"id":318110,"date":"2022-09-20T13:48:08","date_gmt":"2022-09-20T11:48:08","guid":{"rendered":"https:\/\/www.radioluna.it\/news\/?p=318110"},"modified":"2022-09-22T12:03:24","modified_gmt":"2022-09-22T10:03:24","slug":"il-teatro-dannunzio-e-agibile-coletta-uno-dei-beni-comuni-per-eccellenza-torna-ad-essere-di-tutti-in-sicurezza","status":"publish","type":"post","link":"https:\/\/www.radioluna.it\/news\/2022\/09\/il-teatro-dannunzio-e-agibile-coletta-uno-dei-beni-comuni-per-eccellenza-torna-ad-essere-di-tutti-in-sicurezza\/","title":{"rendered":"Il teatro D&#8217;Annunzio \u00e8 agibile, Coletta: &#8220;Uno dei beni comuni per eccellenza torna ad essere di tutti, in sicurezza&#8221;"},"content":{"rendered":"<div id=\"fb-root\"><\/div>\n<div class=\"m8h3af8h l7ghb35v kjdc1dyq kmwttqpk gh25dzvf n3t5jt4f\">\n<div dir=\"auto\" style=\"text-align: justify;\"><strong>LATINA &#8211;<\/strong> Il Teatro D\u2019Annunzio \u00e8 agibile e dunque potr\u00e0 riaprire. La notizia attesissima \u00e8 stata data dal sindaco di Latina Damiano Coletta con un post sui social. Accade esattamente sette anni dopo la chiusura e a 32 anni dalla inaugurazione dell&#8217;opera pubblica. Coletta ha pubblicato anche alcuni scatti dall&#8217;interno della struttura dove \u00e8 entrato con la commissione di vigilanza fissata in seguito alla presentazione della Scia.<\/div>\n<div dir=\"auto\" style=\"text-align: justify;\"><\/div>\n<div dir=\"auto\" style=\"text-align: justify;\">&#8220;Dopo anni di progettazioni e lavori, la Commissione Comunale di Vigilanza Locali di Pubblico Spettacolo (CCVLPS) ha concesso il nulla osta di agibilit\u00e0. \u00a0Uno dei beni comuni per eccellenza della citt\u00e0, il Teatro, torna ad essere un bene di tutti, in assoluta sicurezza&#8221;, scrive Coletta che ha preferito rinviare ogni ulteriore dichiarazione a domani, quando \u00e8 stata convocata proprio al D\u2019Annunzio una conferenza stampa.<\/div>\n<div dir=\"auto\">\n<p style=\"text-align: justify;\">La chiusura del teatro era stata disposta esattamente il 21 settembre del 2015 dal commissario prefettizio Giacomo Barbato per mancanza del certificato di prevenzione incendi e agibilit\u00e0 dopo la relazione consegnata all&#8217;allora gestione commissariale dai vigili del fuoco non essendo stata trovata in regola la pratica relativa. Una situazione che si trascinava sin dall\u2019apertura della struttura, attraverso sei sindaci di breve e lunga durata (Coletta \u00e8 stato il settimo) e alcuni commissariamenti senza mai essere sanata. Fino ad oggi.<\/p>\n<div dir=\"auto\">&#8220;Ci sar\u00e0 il tempo di ringraziamenti. Al momento\u00a0 &#8211; scrive l&#8217;ex assessore ai lavori pubblici Emilio Ranieri &#8211; penso che se \u00e8 stato possibile ricostruire la storia del Teatro (ed era indispensabile farlo) lo dobbiamo all&#8217;architetto Adolfo Antonelli, all&#8217;ingegnere Elio La Rocca e al meticoloso lavoro di mio padre che ha archiviato tutto perch\u00e9 voleva bene a questa citt\u00e0&#8221;.<\/div>\n<\/div>\n<div dir=\"auto\" style=\"text-align: justify;\"><\/div>\n<\/div>\n<div class=\"radio-posizionamento-telefono-in-articoli-dopo-il-contenuto-articolo radio-entity-placement\" id=\"radio-2302048326\"><div id=\"radio-3017560451\"><a href=\"https:\/\/grupporedi.it\/\" aria-label=\"Redi-Qr\"><img loading=\"lazy\" decoding=\"async\" src=\"https:\/\/www.radioluna.it\/news\/wp-content\/uploads\/2026\/03\/Redi-Qr.jpg\" alt=\"\"  srcset=\"https:\/\/www.radioluna.it\/news\/wp-content\/uploads\/2026\/03\/Redi-Qr.jpg 800w, https:\/\/www.radioluna.it\/news\/wp-content\/uploads\/2026\/03\/Redi-Qr-768x639.jpg 768w\" sizes=\"(max-width: 800px) 100vw, 800px\" width=\"300\" height=\"250\"   \/><\/a><\/div><\/div>","protected":false},"excerpt":{"rendered":"<p>LATINA &#8211; Il Teatro D\u2019Annunzio \u00e8 agibile e dunque potr\u00e0 riaprire. La notizia attesissima \u00e8 stata data dal sindaco di Latina Damiano Coletta con un post sui social. Accade esattamente sette anni dopo la chiusura e a 32 anni dalla inaugurazione dell&#8217;opera pubblica. Coletta ha pubblicato anche alcuni scatti dall&#8217;interno della struttura dove \u00e8 entrato [&hellip;]<\/p>\n","protected":false},"author":62,"featured_media":318111,"comment_status":"open","ping_status":"open","sticky":false,"template":"","format":"standard","meta":{"footnotes":""},"categories":[7],"tags":[],"class_list":["post-318110","post","type-post","status-publish","format-standard","has-post-thumbnail","hentry","category-cronaca"],"_links":{"self":[{"href":"https:\/\/www.radioluna.it\/news\/wp-json\/wp\/v2\/posts\/318110","targetHints":{"allow":["GET"]}}],"collection":[{"href":"https:\/\/www.radioluna.it\/news\/wp-json\/wp\/v2\/posts"}],"about":[{"href":"https:\/\/www.radioluna.it\/news\/wp-json\/wp\/v2\/types\/post"}],"author":[{"embeddable":true,"href":"https:\/\/www.radioluna.it\/news\/wp-json\/wp\/v2\/users\/62"}],"replies":[{"embeddable":true,"href":"https:\/\/www.radioluna.it\/news\/wp-json\/wp\/v2\/comments?post=318110"}],"version-history":[{"count":0,"href":"https:\/\/www.radioluna.it\/news\/wp-json\/wp\/v2\/posts\/318110\/revisions"}],"wp:featuredmedia":[{"embeddable":true,"href":"https:\/\/www.radioluna.it\/news\/wp-json\/wp\/v2\/media\/318111"}],"wp:attachment":[{"href":"https:\/\/www.radioluna.it\/news\/wp-json\/wp\/v2\/media?parent=318110"}],"wp:term":[{"taxonomy":"category","embeddable":true,"href":"https:\/\/www.radioluna.it\/news\/wp-json\/wp\/v2\/categories?post=318110"},{"taxonomy":"post_tag","embeddable":true,"href":"https:\/\/www.radioluna.it\/news\/wp-json\/wp\/v2\/tags?post=318110"}],"curies":[{"name":"wp","href":"https:\/\/api.w.org\/{rel}","templated":true}]}}