{"id":318117,"date":"2022-09-20T15:29:31","date_gmt":"2022-09-20T13:29:31","guid":{"rendered":"https:\/\/www.radioluna.it\/news\/?p=318117"},"modified":"2022-09-20T16:13:45","modified_gmt":"2022-09-20T14:13:45","slug":"al-circolo-cittadino-incontro-con-i-candidati-alle-politiche-per-unitalia-europea","status":"publish","type":"post","link":"https:\/\/www.radioluna.it\/news\/2022\/09\/al-circolo-cittadino-incontro-con-i-candidati-alle-politiche-per-unitalia-europea\/","title":{"rendered":"Al Circolo cittadino incontro con i candidati alle politiche &#8220;Per un&#8217;Italia europea&#8221;"},"content":{"rendered":"<div id=\"fb-root\"><\/div>\n<p style=\"text-align: justify;\"><strong>LATINA &#8211;<\/strong> Si terr\u00e0 mercoled\u00ec 21 settembre dalle ore 17 presso il Circolo cittadino di Latina in Piazza del Popolo, 2, un incontro con i candidati alle prossime elezioni politiche italiane del 25 settembre.<br \/>\nL\u2019iniziativa &#8220;Per un&#8217;Italia europea&#8221; \u00e8 organizzata dalla sezione del Movimento Federalista Europeo e della Giovent\u00f9 Federalista Europea \u201cAltiero Spinelli\u201d di Latina ed \u00e8 rivolta a tutti i rappresentanti dei partiti e movimenti politici in competizione per l\u2019attribuzione di seggi alla Camera dei deputati e al Senato della Repubblica.<br \/>\nL\u2019evento vuole sollevare un\u2019analisi critica, ma ricca di spunti e proposte, in merito alle azioni politiche che l\u2019Italia dovr\u00e0 mettere in campo in ambito europeo dopo le elezioni del prossimo 25 settembre. Partendo dai punti programmatici contenuti nell&#8217;Appello del Movimento Federalista Europeo per le elezioni politiche 2022 gi\u00e0 sottoscritto da alcuni candidati (https:\/\/www.mfe.it\/port\/index.php\/prima-pagina\/interventi\/4991-per-un-italia-europea).<br \/>\nIl ruolo che l\u2019Italia ricopre all\u2019interno dell\u2019UE \u00e8 senza dubbio rilevante e le sfide che dovr\u00e0 essere in grado di affrontare hanno una dimensione non soltanto europea, bens\u00ec mondiale: \u201cRiguardano la pace o la guerra, la libert\u00e0 o la sottomissione, la democrazia o l\u2019autocrazia, il progresso o la reazione; e dipendono innanzitutto dalla nostra capacit\u00e0 di perseguire e difendere i nostri valori e il nostro modello politico uniti come Europei\u201d, come si legge nell\u2019Appello del MFE.<br \/>\nNel corso dell\u2019evento i candidati avranno modo di interagire con gli elettori e saranno loro poste delle domande sia dai militanti federalisti della sezione MFE-GFE di Latina, che dalla stessa platea di partecipanti.<br \/>\nHanno confermato, finora, la loro presenza i candidati Adriana Cal\u00ec (Movimento 5 Stelle), Stefano Vanzini (Partito Democratico), Tommaso Malandruccolo (Partito Democratico), Federica Di Sarcina (Alleanza Verdi e Sinistra italiana), Tiziano Lauri (Azione &#8211; Italia Viva).<\/p>\n<div class=\"radio-posizionamento-telefono-in-articoli-dopo-il-contenuto-articolo radio-entity-placement\" id=\"radio-3266608357\"><div id=\"radio-3715681815\"><a href=\"https:\/\/grupporedi.it\/\" aria-label=\"Redi-Qr\"><img loading=\"lazy\" decoding=\"async\" src=\"https:\/\/www.radioluna.it\/news\/wp-content\/uploads\/2026\/03\/Redi-Qr.jpg\" alt=\"\"  srcset=\"https:\/\/www.radioluna.it\/news\/wp-content\/uploads\/2026\/03\/Redi-Qr.jpg 800w, https:\/\/www.radioluna.it\/news\/wp-content\/uploads\/2026\/03\/Redi-Qr-768x639.jpg 768w\" sizes=\"(max-width: 800px) 100vw, 800px\" width=\"300\" height=\"250\"   \/><\/a><\/div><\/div>","protected":false},"excerpt":{"rendered":"<p>LATINA &#8211; Si terr\u00e0 mercoled\u00ec 21 settembre dalle ore 17 presso il Circolo cittadino di Latina in Piazza del Popolo, 2, un incontro con i candidati alle prossime elezioni politiche italiane del 25 settembre. L\u2019iniziativa &#8220;Per un&#8217;Italia europea&#8221; \u00e8 organizzata dalla sezione del Movimento Federalista Europeo e della Giovent\u00f9 Federalista Europea \u201cAltiero Spinelli\u201d di Latina [&hellip;]<\/p>\n","protected":false},"author":60,"featured_media":148742,"comment_status":"open","ping_status":"open","sticky":false,"template":"","format":"standard","meta":{"footnotes":""},"categories":[8],"tags":[],"class_list":["post-318117","post","type-post","status-publish","format-standard","has-post-thumbnail","hentry","category-politica"],"_links":{"self":[{"href":"https:\/\/www.radioluna.it\/news\/wp-json\/wp\/v2\/posts\/318117","targetHints":{"allow":["GET"]}}],"collection":[{"href":"https:\/\/www.radioluna.it\/news\/wp-json\/wp\/v2\/posts"}],"about":[{"href":"https:\/\/www.radioluna.it\/news\/wp-json\/wp\/v2\/types\/post"}],"author":[{"embeddable":true,"href":"https:\/\/www.radioluna.it\/news\/wp-json\/wp\/v2\/users\/60"}],"replies":[{"embeddable":true,"href":"https:\/\/www.radioluna.it\/news\/wp-json\/wp\/v2\/comments?post=318117"}],"version-history":[{"count":0,"href":"https:\/\/www.radioluna.it\/news\/wp-json\/wp\/v2\/posts\/318117\/revisions"}],"wp:featuredmedia":[{"embeddable":true,"href":"https:\/\/www.radioluna.it\/news\/wp-json\/wp\/v2\/media\/148742"}],"wp:attachment":[{"href":"https:\/\/www.radioluna.it\/news\/wp-json\/wp\/v2\/media?parent=318117"}],"wp:term":[{"taxonomy":"category","embeddable":true,"href":"https:\/\/www.radioluna.it\/news\/wp-json\/wp\/v2\/categories?post=318117"},{"taxonomy":"post_tag","embeddable":true,"href":"https:\/\/www.radioluna.it\/news\/wp-json\/wp\/v2\/tags?post=318117"}],"curies":[{"name":"wp","href":"https:\/\/api.w.org\/{rel}","templated":true}]}}