{"id":318148,"date":"2022-09-20T18:06:12","date_gmt":"2022-09-20T16:06:12","guid":{"rendered":"https:\/\/www.radioluna.it\/news\/?p=318148"},"modified":"2022-09-22T15:35:16","modified_gmt":"2022-09-22T13:35:16","slug":"sophia-loren-compie-88-anni-il-parco-dei-monti-ausoni-la-invita-a-tornare-nei-luoghi-de-la-ciocara","status":"publish","type":"post","link":"https:\/\/www.radioluna.it\/news\/2022\/09\/sophia-loren-compie-88-anni-il-parco-dei-monti-ausoni-la-invita-a-tornare-nei-luoghi-de-la-ciocara\/","title":{"rendered":"Sophia Loren compie 88 anni, il Parco dei Monti Ausoni la invita a tornare nei luoghi de La Ciocara"},"content":{"rendered":"<div id=\"fb-root\"><\/div>\n<p style=\"text-align: justify;\"><strong>FONDI &#8211;<\/strong> Sophia Loren compie oggi 88 anni e &#8220;all\u2019attrice pi\u00f9 famosa del cinema italiano&#8221; fa i suoi auguri la comunit\u00e0 di Fondi e quella dei Comuni del Parco Naturale Regionale Monti Ausoni e Lago di Fondi &#8220;nei cui membri pi\u00f9 anziani \u00e8 ancora ben vivo il ricordo della sua presenza sul set de \u201cLa Ciociara\u201d, il film la cui interpretazione nel 1960 le valse il premio Oscar&#8221;. Lo sottolinea l&#8217;Ente aggiungendo che proprio &#8220;nell\u2019allora abbandonata chiesa di San Francesco, furono girate in particolare le drammatiche scene dello stupro della protagonista del film Cesira e di sua figlia Rosetta ad opera dei soldati marocchini: scene al cui ricordo l\u2019attrice, come ha confessato in pi\u00f9 di un\u2019intervista, ancora si commuove&#8221;.<\/p>\n<p>\u201cSaremo felici e onorati \u2013 dichiara il Direttore dell\u2019Ente Parco Dott. Lucio De Filippis \u2013 poter ospitare la celebre attrice e artista Sophia Loren nei nostri luoghi, che lei ricorda con tanto affetto. Per omaggiarla e accompagnarla nelle location rese celebri anche grazie a lei. Grazie, Sophia, per aver contribuito con la tua superba interpretazione a far conoscere a tutto il mondo la profonda umanit\u00e0 della gente di questa terra, e ancora auguri\u201d.<\/p>\n<p style=\"text-align: justify;\">Un&#8217;occasione per ricordare la bellezza dei luoghi in cui la vicenda \u00e8 ambientata e che oggi ricadono nel territorio del Parco regionale: colle di Sant\u2019Agata, la valle di Fondi, la striscia di mare dalla parte di Sperlonga e di fronte l\u2019isola di Ponza, come ricorda Moravia nel libro che ha ispirato il film di Vittorio De Sica.<\/p>\n<p>&nbsp;<\/p>\n<p>&nbsp;<\/p>\n<div class=\"radio-posizionamento-telefono-in-articoli-dopo-il-contenuto-articolo radio-entity-placement\" id=\"radio-1705202751\"><div id=\"radio-405167524\" style=\"width: 300px;height: 250px;\"><a href=\"https:\/\/www.icarspa.it\/auto\/usate\/latina\/\" aria-label=\"banner aprile icar new life &#8211; auto usate latina\"><img loading=\"lazy\" decoding=\"async\" src=\"https:\/\/www.radioluna.it\/news\/wp-content\/uploads\/2026\/02\/banner-aprile-icar-new-life-auto-usate-latina.gif\" alt=\"\"  width=\"300\" height=\"250\"   \/><\/a><\/div><\/div>","protected":false},"excerpt":{"rendered":"<p>FONDI &#8211; Sophia Loren compie oggi 88 anni e &#8220;all\u2019attrice pi\u00f9 famosa del cinema italiano&#8221; fa i suoi auguri la comunit\u00e0 di Fondi e quella dei Comuni del Parco Naturale Regionale Monti Ausoni e Lago di Fondi &#8220;nei cui membri pi\u00f9 anziani \u00e8 ancora ben vivo il ricordo della sua presenza sul set de \u201cLa [&hellip;]<\/p>\n","protected":false},"author":62,"featured_media":318181,"comment_status":"open","ping_status":"open","sticky":false,"template":"","format":"standard","meta":{"footnotes":""},"categories":[735],"tags":[],"class_list":["post-318148","post","type-post","status-publish","format-standard","has-post-thumbnail","hentry","category-attualita"],"_links":{"self":[{"href":"https:\/\/www.radioluna.it\/news\/wp-json\/wp\/v2\/posts\/318148","targetHints":{"allow":["GET"]}}],"collection":[{"href":"https:\/\/www.radioluna.it\/news\/wp-json\/wp\/v2\/posts"}],"about":[{"href":"https:\/\/www.radioluna.it\/news\/wp-json\/wp\/v2\/types\/post"}],"author":[{"embeddable":true,"href":"https:\/\/www.radioluna.it\/news\/wp-json\/wp\/v2\/users\/62"}],"replies":[{"embeddable":true,"href":"https:\/\/www.radioluna.it\/news\/wp-json\/wp\/v2\/comments?post=318148"}],"version-history":[{"count":0,"href":"https:\/\/www.radioluna.it\/news\/wp-json\/wp\/v2\/posts\/318148\/revisions"}],"wp:featuredmedia":[{"embeddable":true,"href":"https:\/\/www.radioluna.it\/news\/wp-json\/wp\/v2\/media\/318181"}],"wp:attachment":[{"href":"https:\/\/www.radioluna.it\/news\/wp-json\/wp\/v2\/media?parent=318148"}],"wp:term":[{"taxonomy":"category","embeddable":true,"href":"https:\/\/www.radioluna.it\/news\/wp-json\/wp\/v2\/categories?post=318148"},{"taxonomy":"post_tag","embeddable":true,"href":"https:\/\/www.radioluna.it\/news\/wp-json\/wp\/v2\/tags?post=318148"}],"curies":[{"name":"wp","href":"https:\/\/api.w.org\/{rel}","templated":true}]}}