{"id":318246,"date":"2022-09-22T14:25:31","date_gmt":"2022-09-22T12:25:31","guid":{"rendered":"https:\/\/www.radioluna.it\/news\/?p=318246"},"modified":"2022-09-23T07:18:17","modified_gmt":"2022-09-23T05:18:17","slug":"cambio-al-vertice-della-guardia-di-finanza-di-latina","status":"publish","type":"post","link":"https:\/\/www.radioluna.it\/news\/2022\/09\/cambio-al-vertice-della-guardia-di-finanza-di-latina\/","title":{"rendered":"Cambio al vertice della Guardia di Finanza di Latina"},"content":{"rendered":"<div id=\"fb-root\"><\/div>\n<p style=\"text-align: justify;\"><strong>LATINA &#8211; <\/strong>Cambio al vertice della Guardia di Finanza di Latina. Si \u00e8 tenuta questa mattina nella sede del comando Provinciale a Palazzo M, la cerimonia di avvicendamento tra il colonnello Umberto Maria Palma che lascia Latina per il Comando Generale dove si occuper\u00e0 di rapporti internazionali e il colonnello Giovanni Marchetti che subentra alla guida delle Fiamme Gialle di Latina dopo essere stato 25 anni fa compagno di Accademia e di plotone del primo. &#8220;Una sicurezza sapere di succedere ad un ufficiale del valore di Palma&#8221;,\u00a0 ha detto il neocomandante della Guardia di Finanza Marchetti al termine della cerimonia ufficiale che si \u00e8 svolta alla presenza del Comandante Regionale Lazio, Generale di Divisione Virgilio Pomponi.<\/p>\n<p style=\"text-align: justify;\">Il Gen. D. Virgilio Pomponi, ricevuto all\u2019ingresso di Palazzo \u201cM\u201d con gli onori di rito dal Picchetto d\u2019Onore del Gruppo di Latina, \u00e8 stato accolto dai due Ufficiali Superiori con i quali si \u00e8 recato nel cortile interno della Caserma dove si \u00e8 svolto il formale passaggio di consegne. &#8220;La cerimonia, breve ma altamente simbolica e scandita da precisi momenti solenni, rappresenta un momento<br \/>\nfondamentale della vita di ogni Comando Provinciale, ma anche, e soprattutto, della vita dei Reparti dipendenti, veri motori dell\u2019azione della Guardia di Finanza sul territorio&#8221;, si legge in una nota.<\/p>\n<p style=\"text-align: justify;\">Presenti tutti i Comandanti dei Reparti delle Fiamme Gialle della provincia e una folta rappresentanza di Finanzieri di ogni ordine e grado del Comando Provinciale e dei Reparti dipendenti, nonch\u00e9 i Presidenti e gli Alfieri delle Sezioni di Latina, Aprilia, Fondi, Terracina, Gaeta e Formia dell\u2019Associazione Nazionale Finanzieri d\u2019Italia, a testimonianza della continuit\u00e0 con il passato.<\/p>\n<p style=\"text-align: justify;\">Nel suo discorso di commiato il Col.t.ST Umberto M. Palma ha ringraziato i vertici della Guardia di Finanza e, in primo luogo, il Comandante Regionale per la fiducia e il sostegno avuto in questi due anni nonch\u00e9 tutti i militari del Comando Provinciale per il lavoro svolto. Un particolare riconoscimento \u00e8 andato agli Ufficiali che con lui hanno collaborato e lo hanno costantemente supportato nel difficile ma avvincente ruolo di Comandate Provinciale. \u201cPiccadilly\u201d in materia di riciclaggio internazionale, \u201cDulos\u201d a contrasto del caporalato, \u201cTraqueteros\u201d e \u201cWhite Fruit\u201d nel settore del traffico e spaccio di stupefacenti, nonch\u00e9 l\u2019indagine sul concorsi banditi dall\u2019ASL di Latina, convenzionalmente denominata \u201cMy Friends\u201d, sono solo alcune delle importanti operazioni di servizio sul territorio pontino che sono state svolte dalla Guardia di Finanza nei due anni di comando del Colonnello Palma, che ora andr\u00e0 a prestare servizio presso il II Reparto del Comando Generale Roma.<\/p>\n<p style=\"text-align: justify;\">Gli succede il Col.t.ST Giovanni Marchetti, 47 anni, originario di Roma, laureato in giurisprudenza e scienze della sicurezza economico-finanziaria, proveniente dal Comando Generale della Guardia di Finanza Roma. Come il suo predecessore, ha frequentato il 94\u00b0 Corso \u201cMonte Cimone III\u201d dell\u2019Accademia della Guardia di Finanza e prima di essere destinato a Latina ha ricoperto rilevanti incarichi operativi e di staff in diverse citt\u00e0. Tra gli importanti Reparti in cui ha prestato servizio, i Nuclei di Polizia Tributaria (ora Nuclei di Polizia Economico-finanziaria) di Milano e Brescia, l\u2019Accademia del Corpo e il I Reparto del Comando Generale che ha ringraziato la Guardia di finanza per averlo designato in questo importante incarico e ha garantito il massimo impegno ffinch\u00e9 la Guardia di Finanza continui a costituire un efficace presidio di legalit\u00e0 economico-finanziaria a tutela dei cittadini, delle imprese e delle Istituzioni che operano a Latina e provincia, nel solco di quanto fanno sinora dal suo predecessore e contando sull\u2019indispensabile collaborazione di tutte le Fiamme Gialle pontine.<\/p>\n<audio class=\"wp-audio-shortcode\" id=\"audio-318246-1\" preload=\"none\" style=\"width: 100%;\" controls=\"controls\"><source type=\"audio\/mpeg\" src=\"https:\/\/www.radioluna.it\/news\/wp-content\/uploads\/2022\/09\/palma-marchetti.mp3?_=1\" \/><a href=\"https:\/\/www.radioluna.it\/news\/wp-content\/uploads\/2022\/09\/palma-marchetti.mp3\">https:\/\/www.radioluna.it\/news\/wp-content\/uploads\/2022\/09\/palma-marchetti.mp3<\/a><\/audio>\n<p>Il Comandante Regionale, Generale di Divisione Virgilio Pomponi, ha ringraziato il Col.t.ST Umberto M. Palma per l\u2019importante opera svolta in questi due anni e per i brillanti risultati ottenuti dai Reparti dipendenti e ha rivolto un augurio di \u201cbuon lavoro\u201d al Col.t.ST Giovanni Marchetti, rinnovandogli la fiducia di tutti i vertici del Corpo.<\/p>\n<p>&nbsp;<\/p>\n<div class=\"radio-posizionamento-telefono-in-articoli-dopo-il-contenuto-articolo radio-entity-placement\" id=\"radio-3254304764\"><div id=\"radio-3215667799\" style=\"width: 300px;height: 250px;\"><a href=\"https:\/\/www.icarspa.it\/auto\/usate\/latina\/\" aria-label=\"banner aprile icar new life &#8211; auto usate latina\"><img loading=\"lazy\" decoding=\"async\" src=\"https:\/\/www.radioluna.it\/news\/wp-content\/uploads\/2026\/02\/banner-aprile-icar-new-life-auto-usate-latina.gif\" alt=\"\"  width=\"300\" height=\"250\"   \/><\/a><\/div><\/div>","protected":false},"excerpt":{"rendered":"<p>LATINA &#8211; Cambio al vertice della Guardia di Finanza di Latina. Si \u00e8 tenuta questa mattina nella sede del comando Provinciale a Palazzo M, la cerimonia di avvicendamento tra il colonnello Umberto Maria Palma che lascia Latina per il Comando Generale dove si occuper\u00e0 di rapporti internazionali e il colonnello Giovanni Marchetti che subentra alla [&hellip;]<\/p>\n","protected":false},"author":62,"featured_media":318247,"comment_status":"open","ping_status":"open","sticky":false,"template":"","format":"standard","meta":{"footnotes":""},"categories":[735],"tags":[],"class_list":["post-318246","post","type-post","status-publish","format-standard","has-post-thumbnail","hentry","category-attualita"],"_links":{"self":[{"href":"https:\/\/www.radioluna.it\/news\/wp-json\/wp\/v2\/posts\/318246","targetHints":{"allow":["GET"]}}],"collection":[{"href":"https:\/\/www.radioluna.it\/news\/wp-json\/wp\/v2\/posts"}],"about":[{"href":"https:\/\/www.radioluna.it\/news\/wp-json\/wp\/v2\/types\/post"}],"author":[{"embeddable":true,"href":"https:\/\/www.radioluna.it\/news\/wp-json\/wp\/v2\/users\/62"}],"replies":[{"embeddable":true,"href":"https:\/\/www.radioluna.it\/news\/wp-json\/wp\/v2\/comments?post=318246"}],"version-history":[{"count":0,"href":"https:\/\/www.radioluna.it\/news\/wp-json\/wp\/v2\/posts\/318246\/revisions"}],"wp:featuredmedia":[{"embeddable":true,"href":"https:\/\/www.radioluna.it\/news\/wp-json\/wp\/v2\/media\/318247"}],"wp:attachment":[{"href":"https:\/\/www.radioluna.it\/news\/wp-json\/wp\/v2\/media?parent=318246"}],"wp:term":[{"taxonomy":"category","embeddable":true,"href":"https:\/\/www.radioluna.it\/news\/wp-json\/wp\/v2\/categories?post=318246"},{"taxonomy":"post_tag","embeddable":true,"href":"https:\/\/www.radioluna.it\/news\/wp-json\/wp\/v2\/tags?post=318246"}],"curies":[{"name":"wp","href":"https:\/\/api.w.org\/{rel}","templated":true}]}}