{"id":318253,"date":"2022-09-22T14:53:12","date_gmt":"2022-09-22T12:53:12","guid":{"rendered":"https:\/\/www.radioluna.it\/news\/?p=318253"},"modified":"2022-09-22T14:53:12","modified_gmt":"2022-09-22T12:53:12","slug":"nuovi-parroci-nel-sud-pontino-le-nomine-dellarcivescovo-di-gaeta-luigi-vari","status":"publish","type":"post","link":"https:\/\/www.radioluna.it\/news\/2022\/09\/nuovi-parroci-nel-sud-pontino-le-nomine-dellarcivescovo-di-gaeta-luigi-vari\/","title":{"rendered":"Nuovi parroci nel Sud Pontino, le nomine dell&#8217;arcivescovo di Gaeta Luigi Vari"},"content":{"rendered":"<div id=\"fb-root\"><\/div>\n<p style=\"text-align: justify;\"><strong>GAETA<\/strong> &#8211; L&#8217;arcivescovo di Gaeta Luigi Vari ha comunicato oggi alcune nomine relative alle parrocchie del territorio diocesano. Lo ha fatto durante il ritiro dei sacerdoti tenutosi al santuario della Montagna Spaccata di Gaeta.<\/p>\n<p style=\"text-align: justify;\">A seguito delle dimissioni da parroco della Parrocchia Santa Maria Assunta in Cielo di Sperlonga dove Don Gaetano Manzo ha lasciato per raggiunti limiti di et\u00e0, viene nominato parroco Monsignor Mariano Parisella, attualmente in servizio presso la Parrocchia dei Santi Lorenzo e Giovanni Battista in Formia. &#8220;Don Mariano nel corso del mandato di Parroco a Formia \u00e8 stato nominato Vicario Generale, trovandosi nella condizione di sostenere contemporaneamente due uffici piuttosto impegnativi, ora che ha terminato il mandato novennale, con il nuovo incarico di parroco a Sperlonga potr\u00e0 compiere ambedue gli uffici in modo pi\u00f9 agevole&#8221;, ricorda una nota della Curia.<\/p>\n<p style=\"text-align: justify;\">La Parrocchia dei Santi Lorenzo e Giovanni Battista in Formia, viene affidata alla cura di Don Carlo Lembo che ne diviene parroco, mantenendo al momento anche la responsabilit\u00e0 amministrativa delle Parrocchie di Santa Teresa e della Madonna del Carmine, affiancato da don Enzo Saraniero. &#8220;La scelta operata va compresa nella prospettiva di facilitare il cammino unitario delle Parrocchie di Formia centro&#8221;, si legge nelle motivazioni.<\/p>\n<p style=\"text-align: justify;\">A Monsignor Gianluigi Valente viene affidata la Parrocchia di San Paolo apostolo in Gaeta resasi vacante per il trasferimento di don Enzo Saraniero e continua a mantenere la titolarit\u00e0 della Parrocchia San Giacomo apostolo in Gaeta.<\/p>\n<p style=\"text-align: justify;\">Don Riccardo Pappagallo che ha presentato le dimissioni da parroco di San Carlo Borromeo in Gaeta per aderire alla vita monastica-eremitica sar\u00e0 sostituito da Don Erasmo Matarazzo, che lascia la Parrocchia di San Paolo apostolo in Fondi al termine del suo mandato novennale. L\u2019Arcivescovo ha nominato parroco della Parrocchia di San Paolo apostolo in Fondi Don Alessandro Casaregola, finora vicario parrocchiale della Parrocchia dei Santi Lorenzo e Giovanni Battista in Formia.<\/p>\n<p style=\"text-align: justify;\">Don Showrilu Konka \u00e8 nominato Amministratore parrocchiale della Parrocchia di Santa Caterina v.m. a Castellonorato, avendo l\u2019Arcivescovo accolto le dimissioni di don Luigi Ruggiero presentate per motivi di salute che proprio per questa ragione prester\u00e0 servizio presso le comunit\u00e0 di Ausonia e Coreno Ausonio.<\/p>\n<p style=\"text-align: justify;\">&#8220;Ai confratelli interessati alle nuove nomine e a quanti nelle consultazioni hanno espresso la loro disponibilit\u00e0 va la gratitudine dell\u2019Arcivescovo e della comunit\u00e0 diocesana, cos\u00ec pure la gratitudine va alle comunit\u00e0 parrocchiali per aver accompagnato i loro sacerdoti che ora lasciano e per l\u2019accoglienza a chi subentra, dando testimonianza di senso ecclesiale che rifugge da particolarismi per sentirsi tutti parte della grande famiglia diocesana in cui si incarna e manifesta la Chiesa di Cristo. La generosit\u00e0 in tale ambito \u00e8 il primo segno della volont\u00e0 di percorrere con libert\u00e0 di cuore il \u201cCammino sinodale\u201d che il Signore si attende dalla sua Chiesa in questo terzo millennio&#8221;, si legge in una nota.<\/p>\n<p>&nbsp;<\/p>\n<div class=\"radio-posizionamento-telefono-in-articoli-dopo-il-contenuto-articolo radio-entity-placement\" id=\"radio-3483635006\"><div id=\"radio-1430894519\"><a href=\"https:\/\/grupporedi.it\/\" aria-label=\"Redi-Qr\"><img loading=\"lazy\" decoding=\"async\" src=\"https:\/\/www.radioluna.it\/news\/wp-content\/uploads\/2026\/03\/Redi-Qr.jpg\" alt=\"\"  srcset=\"https:\/\/www.radioluna.it\/news\/wp-content\/uploads\/2026\/03\/Redi-Qr.jpg 800w, https:\/\/www.radioluna.it\/news\/wp-content\/uploads\/2026\/03\/Redi-Qr-768x639.jpg 768w\" sizes=\"(max-width: 800px) 100vw, 800px\" width=\"300\" height=\"250\"   \/><\/a><\/div><\/div>","protected":false},"excerpt":{"rendered":"<p>GAETA &#8211; L&#8217;arcivescovo di Gaeta Luigi Vari ha comunicato oggi alcune nomine relative alle parrocchie del territorio diocesano. Lo ha fatto durante il ritiro dei sacerdoti tenutosi al santuario della Montagna Spaccata di Gaeta. A seguito delle dimissioni da parroco della Parrocchia Santa Maria Assunta in Cielo di Sperlonga dove Don Gaetano Manzo ha lasciato [&hellip;]<\/p>\n","protected":false},"author":62,"featured_media":318254,"comment_status":"open","ping_status":"open","sticky":false,"template":"","format":"standard","meta":{"footnotes":""},"categories":[735],"tags":[],"class_list":["post-318253","post","type-post","status-publish","format-standard","has-post-thumbnail","hentry","category-attualita"],"_links":{"self":[{"href":"https:\/\/www.radioluna.it\/news\/wp-json\/wp\/v2\/posts\/318253","targetHints":{"allow":["GET"]}}],"collection":[{"href":"https:\/\/www.radioluna.it\/news\/wp-json\/wp\/v2\/posts"}],"about":[{"href":"https:\/\/www.radioluna.it\/news\/wp-json\/wp\/v2\/types\/post"}],"author":[{"embeddable":true,"href":"https:\/\/www.radioluna.it\/news\/wp-json\/wp\/v2\/users\/62"}],"replies":[{"embeddable":true,"href":"https:\/\/www.radioluna.it\/news\/wp-json\/wp\/v2\/comments?post=318253"}],"version-history":[{"count":0,"href":"https:\/\/www.radioluna.it\/news\/wp-json\/wp\/v2\/posts\/318253\/revisions"}],"wp:featuredmedia":[{"embeddable":true,"href":"https:\/\/www.radioluna.it\/news\/wp-json\/wp\/v2\/media\/318254"}],"wp:attachment":[{"href":"https:\/\/www.radioluna.it\/news\/wp-json\/wp\/v2\/media?parent=318253"}],"wp:term":[{"taxonomy":"category","embeddable":true,"href":"https:\/\/www.radioluna.it\/news\/wp-json\/wp\/v2\/categories?post=318253"},{"taxonomy":"post_tag","embeddable":true,"href":"https:\/\/www.radioluna.it\/news\/wp-json\/wp\/v2\/tags?post=318253"}],"curies":[{"name":"wp","href":"https:\/\/api.w.org\/{rel}","templated":true}]}}