{"id":318264,"date":"2022-09-22T15:26:47","date_gmt":"2022-09-22T13:26:47","guid":{"rendered":"https:\/\/www.radioluna.it\/news\/?p=318264"},"modified":"2022-09-22T15:26:47","modified_gmt":"2022-09-22T13:26:47","slug":"muzio-fare-latina-apre-alla-citta-e-organizza-la-sua-prima-assemblea-programmatica","status":"publish","type":"post","link":"https:\/\/www.radioluna.it\/news\/2022\/09\/muzio-fare-latina-apre-alla-citta-e-organizza-la-sua-prima-assemblea-programmatica\/","title":{"rendered":"Muzio: &#8220;Fare Latina apre alla citt\u00e0 e organizza la sua prima Assemblea Programmatica&#8221;"},"content":{"rendered":"<div id=\"fb-root\"><\/div>\n<p style=\"text-align: justify;\"><strong>LATINA &#8211;<\/strong> \u201cFare Latina apre alla citt\u00e0 e organizza la sua prima Assemblea Programmatica. Appuntamento venerd\u00ec 23 settembre, dalle ore 18.00 all\u2019Hotel Europa\u201d. L&#8217;invito della leader e fondatrice del Movimento politico, Annalisa Muzio e del presidente Fabio Bianchi\u00a0 \u00e8 rivolto alla citt\u00e0, &#8220;aperto al pubblico e a tutti coloro i quali vorranno partecipare&#8221; arriva a poche settimane dal rinnovo parziale del voto dello scorso 4 settembre che ha confermato la presenza del movimento civico nell\u2019assise comunale.<\/p>\n<p style=\"text-align: justify;\">Venerd\u00ec prossimo, 23 settembre alle 18.00 presso l\u2019Hotel Europa, direttivo, membri e simpatizzanti del movimento si incontreranno per dettare le linee programmatiche in vista dell\u2019inizio della nuova consiliatura &#8211; si legge in una nota &#8211; . Sar\u00e0 un momento anche per incontrare tutti i cittadini che, soprattutto negli ultimi mesi, si sono avvicinati alla realt\u00e0 del Fare condividendone idee e contenuti.<\/p>\n<p style=\"text-align: justify;\">\u201cVogliamo aprirci alla citt\u00e0 \u2013 commenta Fabio Bianchi, coordinatore cittadino del movimento \u2013 perch\u00e9 sono i cittadini che ce lo stanno chiedendo. L\u2019incontro di venerd\u00ec servir\u00e0 a noi del movimento a fare chiarezza su quelli che sono i punti del nostro programma elettorale che vogliamo portare avanti nel corso della prossima consiliatura, ma sar\u00e0 anche un\u2019ottima occasione per incontrare personalmente le tante persone che ci hanno contatto via mail e sui social chiedendo programmi e progetti futuri\u201d.<\/p>\n<p style=\"text-align: justify;\">\u201cIl nostro movimento cresce \u2013 aggiunge il consigliere comunale di Fare Latina, Annalisa Muzio \u2013 ed ha sempre avuto chiaro un obiettivo: portare all\u2019attenzione del consiglio comunale temi importanti e progetti realizzabili per la citt\u00e0 e per i suoi cittadini ed \u00e8 per questo che l\u2019ascolto, per noi, \u00e8 uno dei passaggi fondamentali del nostro modo di fare politica. In questo momento di particolare caos post elezioni, in un momento in cui la citt\u00e0 chiede risposte ed una guida che sappia governare e fare le scelte coraggiose che servono per ripartire, siamo particolarmente felici di tutto questo interessamento da parte di persone che vogliono avvicinarsi al nostro movimento. Questo perch\u00e9 fin dall\u2019inizio abbiamo avuto un obiettivo chiaro e irrinunciabile: il Fare. Nei primi mesi della prima consiliatura abbiamo messo a segno importanti risultati su alcuni dei nostri punti programmatici riuscendo anche ad intercettare e vincolare le somme a copertura di questi<br \/>\ncapitoli. E\u2019 stato solo l\u2019inizio \u2013 conclude Annalisa Muzio; abbiamo in programma ancora tantissimi progetti e azioni da concretizzare. Aspettiamo solo di potere iniziare a lavorare perch\u00e9 Latina, come abbiamo detto pi\u00f9 volte, non pu\u00f2 permettersi di essere paralizzata a causa di diatribe o lotte faziose che sono lontane dalle reali necessit\u00e0 di tutta la nostracomunit\u00e0. C\u2019\u00e8 tanto lavoro da fare per iniziare a guardare al futuro programmando non solo gli interventi urgenti, ma avendo chiari gli obiettivi da raggiungere per fare crescere la nostra citt\u00e0 con un occhio attento al benessere della nostra comunit\u00e0. Per questi motivi, e per dare vita ad un sano confronto, sar\u00f2 davvero contenta se venerd\u00ec vorranno partecipare all\u2019incontro anche i referenti delle altre forze politiche\u201d<\/p>\n<div class=\"radio-posizionamento-telefono-in-articoli-dopo-il-contenuto-articolo radio-entity-placement\" id=\"radio-3994706698\"><div id=\"radio-168367784\"><a href=\"https:\/\/www.simeoneceramiche.com\/\" aria-label=\"SIMEONE CERAMICHE GIF animata per radioluna_Tavola disegno 1 copia 2 (online-video-cutter.com)\"><img loading=\"lazy\" decoding=\"async\" src=\"https:\/\/www.radioluna.it\/news\/wp-content\/uploads\/2025\/05\/SIMEONE-CERAMICHE-GIF-animata-per-radioluna_Tavola-disegno-1-copia-2-online-video-cutter.com_.gif\" alt=\"\"  width=\"300\" height=\"250\"   \/><\/a><\/div><\/div>","protected":false},"excerpt":{"rendered":"<p>LATINA &#8211; \u201cFare Latina apre alla citt\u00e0 e organizza la sua prima Assemblea Programmatica. Appuntamento venerd\u00ec 23 settembre, dalle ore 18.00 all\u2019Hotel Europa\u201d. L&#8217;invito della leader e fondatrice del Movimento politico, Annalisa Muzio e del presidente Fabio Bianchi\u00a0 \u00e8 rivolto alla citt\u00e0, &#8220;aperto al pubblico e a tutti coloro i quali vorranno partecipare&#8221; arriva a [&hellip;]<\/p>\n","protected":false},"author":62,"featured_media":317544,"comment_status":"open","ping_status":"open","sticky":false,"template":"","format":"standard","meta":{"footnotes":""},"categories":[8],"tags":[],"class_list":["post-318264","post","type-post","status-publish","format-standard","has-post-thumbnail","hentry","category-politica"],"_links":{"self":[{"href":"https:\/\/www.radioluna.it\/news\/wp-json\/wp\/v2\/posts\/318264","targetHints":{"allow":["GET"]}}],"collection":[{"href":"https:\/\/www.radioluna.it\/news\/wp-json\/wp\/v2\/posts"}],"about":[{"href":"https:\/\/www.radioluna.it\/news\/wp-json\/wp\/v2\/types\/post"}],"author":[{"embeddable":true,"href":"https:\/\/www.radioluna.it\/news\/wp-json\/wp\/v2\/users\/62"}],"replies":[{"embeddable":true,"href":"https:\/\/www.radioluna.it\/news\/wp-json\/wp\/v2\/comments?post=318264"}],"version-history":[{"count":0,"href":"https:\/\/www.radioluna.it\/news\/wp-json\/wp\/v2\/posts\/318264\/revisions"}],"wp:featuredmedia":[{"embeddable":true,"href":"https:\/\/www.radioluna.it\/news\/wp-json\/wp\/v2\/media\/317544"}],"wp:attachment":[{"href":"https:\/\/www.radioluna.it\/news\/wp-json\/wp\/v2\/media?parent=318264"}],"wp:term":[{"taxonomy":"category","embeddable":true,"href":"https:\/\/www.radioluna.it\/news\/wp-json\/wp\/v2\/categories?post=318264"},{"taxonomy":"post_tag","embeddable":true,"href":"https:\/\/www.radioluna.it\/news\/wp-json\/wp\/v2\/tags?post=318264"}],"curies":[{"name":"wp","href":"https:\/\/api.w.org\/{rel}","templated":true}]}}