{"id":318355,"date":"2022-09-23T16:12:27","date_gmt":"2022-09-23T14:12:27","guid":{"rendered":"https:\/\/www.radioluna.it\/news\/?p=318355"},"modified":"2022-09-23T16:12:27","modified_gmt":"2022-09-23T14:12:27","slug":"latina-la-lega-chiude-la-campagna-elettorale-con-la-visita-di-salvini","status":"publish","type":"post","link":"https:\/\/www.radioluna.it\/news\/2022\/09\/latina-la-lega-chiude-la-campagna-elettorale-con-la-visita-di-salvini\/","title":{"rendered":"Latina, la Lega chiude la campagna elettorale con la visita di Salvini"},"content":{"rendered":"<div id=\"fb-root\"><\/div>\n<p style=\"text-align: justify;\"><strong>LATINA &#8211;<\/strong> Grande entusiasmo e partecipazione ieri sera alla kermesse finale della campagna elettorale della Lega a Latina con la presenza di Matteo Salvini. Il leader della Lega, insieme al coordinatore regionale Claudio Durigon, ha presenziato ad un evento ricco di presenze da tutta la provincia pontina, durante il quale oltre al leader leghista si sono alternati sul palco consiglieri comunali, amministratori locali e tutti i candidati alle elezioni del 25 settembre. \u00abUna serata emozionante &#8211; racconta Giovanna Miele, candidata pontina alla Camera dei Deputati nel collegio Lazio 2 Latina-Frosinone &#8211; ricca di significato e partecipazione. Innanzitutto per le idee e gli obiettivi che la Lega e Matteo Salvini vogliono raggiungere col prossimo governo di Centrodestra, ma anche e soprattutto per il riconoscimento del lavoro svolto sul territorio da parte di tutti i dirigenti e militanti che ha portato alla mia candidatura e a quella di Vincenzo Valletta in rappresentanza della provincia di Latina.<br \/>\nDal 25 settembre in poi lavoreremo perch\u00e9 la flat tax diventi finalmente una realt\u00e0 consolidata, per l&#8217;azzeramento dell&#8217;iva sui beni di prima necessit\u00e0, per un aiuto concreto a famiglie e imprese contro il caro bollette, per una riforma delle pensioni pi\u00f9 giusta con Quota 41 e per una scuola che sappia valorizzare le professionalit\u00e0 dei dirigenti scolastici, degli insegnanti e i talenti degli studenti italiani. Ma soprattutto come rappresentante del territorio e della provincia sar\u00e0 mia cura impegnarmi su quei temi che riguardano la provincia di Latina. Le opere infrastrutturali, la sanit\u00e0 locale e lo sviluppo di un territorio troppo spesso dimenticato da una sinistra miope e romanocentrica. Il 25 settembre con il voto dei cittadini di Latina porteremo in parlamento la voce della nostra gente e della nostra terra&#8221;<br \/>\nCos\u00ec in una nota Giovanna Miele candidata alla Camera dei Deputati con la Lega Salvini Premier nel collegio Lazio 2 Latina-Frosinone<\/p>\n<div class=\"radio-posizionamento-telefono-in-articoli-dopo-il-contenuto-articolo radio-entity-placement\" id=\"radio-1478755273\"><div id=\"radio-3217785345\"><a href=\"https:\/\/grupporedi.it\/\" aria-label=\"Redi-Qr\"><img loading=\"lazy\" decoding=\"async\" src=\"https:\/\/www.radioluna.it\/news\/wp-content\/uploads\/2026\/03\/Redi-Qr.jpg\" alt=\"\"  srcset=\"https:\/\/www.radioluna.it\/news\/wp-content\/uploads\/2026\/03\/Redi-Qr.jpg 800w, https:\/\/www.radioluna.it\/news\/wp-content\/uploads\/2026\/03\/Redi-Qr-768x639.jpg 768w\" sizes=\"(max-width: 800px) 100vw, 800px\" width=\"300\" height=\"250\"   \/><\/a><\/div><\/div>","protected":false},"excerpt":{"rendered":"<p>LATINA &#8211; Grande entusiasmo e partecipazione ieri sera alla kermesse finale della campagna elettorale della Lega a Latina con la presenza di Matteo Salvini. Il leader della Lega, insieme al coordinatore regionale Claudio Durigon, ha presenziato ad un evento ricco di presenze da tutta la provincia pontina, durante il quale oltre al leader leghista si [&hellip;]<\/p>\n","protected":false},"author":60,"featured_media":0,"comment_status":"open","ping_status":"open","sticky":false,"template":"","format":"standard","meta":{"footnotes":""},"categories":[8],"tags":[],"class_list":["post-318355","post","type-post","status-publish","format-standard","hentry","category-politica"],"_links":{"self":[{"href":"https:\/\/www.radioluna.it\/news\/wp-json\/wp\/v2\/posts\/318355","targetHints":{"allow":["GET"]}}],"collection":[{"href":"https:\/\/www.radioluna.it\/news\/wp-json\/wp\/v2\/posts"}],"about":[{"href":"https:\/\/www.radioluna.it\/news\/wp-json\/wp\/v2\/types\/post"}],"author":[{"embeddable":true,"href":"https:\/\/www.radioluna.it\/news\/wp-json\/wp\/v2\/users\/60"}],"replies":[{"embeddable":true,"href":"https:\/\/www.radioluna.it\/news\/wp-json\/wp\/v2\/comments?post=318355"}],"version-history":[{"count":0,"href":"https:\/\/www.radioluna.it\/news\/wp-json\/wp\/v2\/posts\/318355\/revisions"}],"wp:attachment":[{"href":"https:\/\/www.radioluna.it\/news\/wp-json\/wp\/v2\/media?parent=318355"}],"wp:term":[{"taxonomy":"category","embeddable":true,"href":"https:\/\/www.radioluna.it\/news\/wp-json\/wp\/v2\/categories?post=318355"},{"taxonomy":"post_tag","embeddable":true,"href":"https:\/\/www.radioluna.it\/news\/wp-json\/wp\/v2\/tags?post=318355"}],"curies":[{"name":"wp","href":"https:\/\/api.w.org\/{rel}","templated":true}]}}