{"id":318471,"date":"2022-09-27T13:37:33","date_gmt":"2022-09-27T11:37:33","guid":{"rendered":"https:\/\/www.radioluna.it\/news\/?p=318471"},"modified":"2022-09-28T09:34:46","modified_gmt":"2022-09-28T07:34:46","slug":"il-progetto-di-recupero-dellex-carcere-di-santo-stefano-paradigma-di-sviluppo-incontro-alluniversita-di-napoli","status":"publish","type":"post","link":"https:\/\/www.radioluna.it\/news\/2022\/09\/il-progetto-di-recupero-dellex-carcere-di-santo-stefano-paradigma-di-sviluppo-incontro-alluniversita-di-napoli\/","title":{"rendered":"Il Progetto di recupero dell\u2019ex carcere di Santo Stefano paradigma di sviluppo: incontro all&#8217;Universit\u00e0 di Napoli"},"content":{"rendered":"<div id=\"fb-root\"><\/div>\n<p style=\"text-align: justify;\"><strong>VENTOTENE<\/strong> &#8211; &#8220;Il Progetto di recupero dell\u2019ex carcere di Santo Stefano\/Ventotene, in una piccola isola posta al centro del Mediterraneo, pu\u00f2 rappresentare un nuovo paradigma, di sviluppo sostenibile, culturale e ambientale trasformando difficili sfide in opportunit\u00e0. Partendo da questa visione, in linea con l\u2019Agenda 2030 ONU e il Green Deal europeo ricercatori, esperti, studiosi, istituzioni e policy-maker si confronteranno con l\u2019obiettivo condiviso di identificare strategie per trasformare il patrimonio culturale e di biodiversit\u00e0 rappresentato da Santo Stefano in opportunit\u00e0 per il futuro&#8221;. Ne d\u00e0 notizia in una nota la Commissaria Silvia Costa, illustrando l\u2019incontro \u201cBlue heritage and Blue Economy\u201d di Santo Stefano\/Ventotene che avr\u00e0 luogo domani dalle ore 14.30 alle 19.00 presso l\u2019Aula magna dell\u2019Universit\u00e0 Parthenope di Napoli, via Acton 38 (aperto al pubblico), iniziativa da lei promossa insieme a CoNISMa e Universit\u00e0 Parthenope.<\/p>\n<p style=\"text-align: justify;\">&#8220;Nell\u2019attivit\u00e0 di impulso e di coordinamento a me affidata, la sostenibilit\u00e0 svolge un ruolo chiave cos\u00ec come l\u2019attenzione all\u2019ambiente storico e naturale e alle peculiarit\u00e0 distintive che l\u2019isola di Santo Stefano, nella sua configurazione paesaggistica, marina e sottomarina racchiude &#8211; spiega Costa &#8211; Il Progetto Ventotene\/Santo Stefano rappresenta una cerniera storica e geografica tra Lazio e Campania e ha gi\u00e0 avviato importanti partenariati scientifici e culturali anche a Napoli come quello con il CNR, l\u2019Archivio di Stato di Napoli, e lo stesso CoNISMa (il Consorzio delle Universit\u00e0 del Mare) che vede l\u2019Universit\u00e0 Parthenope tra le quattro Universit\u00e0 fondatrici. Domani intendiamo fare un passo avanti, perch\u00e9 insieme ad autorevoli istituzioni ed esperti del settore, tra cui ISPRA e la Soprintendenza Nazionale del Patrimonio Culturale Subacqueo (nostri partner), faremo s\u00ec che dal Progetto di recupero nascano nuove proposte e sinergie virtuose, che uniscano l\u2019attenzione al capitale naturale e al capitale culturale, in una visione di sviluppo integrato che sar\u00e0 non solo scientificamente definito ma anche avvalorato da una estesa partecipazione attiva dei nostri partner&#8221;.<br \/>\nSar\u00e0 possibile seguire la diretta facebook dalla pagina facebook \u00a0https:\/\/www.facebook.com\/commissariocissantostefanoventotene\/<\/p>\n<div class=\"radio-posizionamento-telefono-in-articoli-dopo-il-contenuto-articolo radio-entity-placement\" id=\"radio-3175417030\"><div id=\"radio-2979351511\" style=\"width: 300px;height: 250px;\"><a href=\"https:\/\/www.icarspa.it\/auto\/usate\/latina\/\" aria-label=\"banner aprile icar new life &#8211; auto usate latina\"><img loading=\"lazy\" decoding=\"async\" src=\"https:\/\/www.radioluna.it\/news\/wp-content\/uploads\/2026\/02\/banner-aprile-icar-new-life-auto-usate-latina.gif\" alt=\"\"  width=\"300\" height=\"250\"   \/><\/a><\/div><\/div>","protected":false},"excerpt":{"rendered":"<p>VENTOTENE &#8211; &#8220;Il Progetto di recupero dell\u2019ex carcere di Santo Stefano\/Ventotene, in una piccola isola posta al centro del Mediterraneo, pu\u00f2 rappresentare un nuovo paradigma, di sviluppo sostenibile, culturale e ambientale trasformando difficili sfide in opportunit\u00e0. Partendo da questa visione, in linea con l\u2019Agenda 2030 ONU e il Green Deal europeo ricercatori, esperti, studiosi, istituzioni [&hellip;]<\/p>\n","protected":false},"author":62,"featured_media":317756,"comment_status":"open","ping_status":"open","sticky":false,"template":"","format":"standard","meta":{"footnotes":""},"categories":[735],"tags":[],"class_list":["post-318471","post","type-post","status-publish","format-standard","has-post-thumbnail","hentry","category-attualita"],"_links":{"self":[{"href":"https:\/\/www.radioluna.it\/news\/wp-json\/wp\/v2\/posts\/318471","targetHints":{"allow":["GET"]}}],"collection":[{"href":"https:\/\/www.radioluna.it\/news\/wp-json\/wp\/v2\/posts"}],"about":[{"href":"https:\/\/www.radioluna.it\/news\/wp-json\/wp\/v2\/types\/post"}],"author":[{"embeddable":true,"href":"https:\/\/www.radioluna.it\/news\/wp-json\/wp\/v2\/users\/62"}],"replies":[{"embeddable":true,"href":"https:\/\/www.radioluna.it\/news\/wp-json\/wp\/v2\/comments?post=318471"}],"version-history":[{"count":0,"href":"https:\/\/www.radioluna.it\/news\/wp-json\/wp\/v2\/posts\/318471\/revisions"}],"wp:featuredmedia":[{"embeddable":true,"href":"https:\/\/www.radioluna.it\/news\/wp-json\/wp\/v2\/media\/317756"}],"wp:attachment":[{"href":"https:\/\/www.radioluna.it\/news\/wp-json\/wp\/v2\/media?parent=318471"}],"wp:term":[{"taxonomy":"category","embeddable":true,"href":"https:\/\/www.radioluna.it\/news\/wp-json\/wp\/v2\/categories?post=318471"},{"taxonomy":"post_tag","embeddable":true,"href":"https:\/\/www.radioluna.it\/news\/wp-json\/wp\/v2\/tags?post=318471"}],"curies":[{"name":"wp","href":"https:\/\/api.w.org\/{rel}","templated":true}]}}