{"id":318526,"date":"2022-09-28T08:16:35","date_gmt":"2022-09-28T06:16:35","guid":{"rendered":"https:\/\/www.radioluna.it\/news\/?p=318526"},"modified":"2022-09-28T08:16:35","modified_gmt":"2022-09-28T06:16:35","slug":"giovanna-miele-eletta-alla-camera-fiera-di-poter-rappresentare-in-parlamento-la-mia-citta-latina-la-provincia-pontina-e-quella-di-frosinone","status":"publish","type":"post","link":"https:\/\/www.radioluna.it\/news\/2022\/09\/giovanna-miele-eletta-alla-camera-fiera-di-poter-rappresentare-in-parlamento-la-mia-citta-latina-la-provincia-pontina-e-quella-di-frosinone\/","title":{"rendered":"Giovanna Miele eletta alla Camera: &#8220;Fiera di poter rappresentare in Parlamento la mia citt\u00e0, Latina, la provincia pontina e quella di Frosinone&#8221;"},"content":{"rendered":"<div id=\"fb-root\"><\/div>\n<p style=\"text-align: justify;\"><strong>LATINA &#8211;<\/strong> Ringrazia tutti gli elettori che hanno sostenuto la Lega consentendola di essere eletta, la consigliera comunale Giovanna Miele che si insedier\u00e0 in Parlamento come deputata: &#8220;Oggi sono fiera di poter rappresentare in Parlamento la mia citt\u00e0, Latina, la provincia pontina e quella di Frosinone&#8221;, scrive in una nota dopo l&#8217;elezione alla Camera dei deputati nel Collegio Lazio 2, Latina-Frosinone, all&#8217;indomani di un turno elettorale che ha visto il centrodestra affermarsi come forza maggioritaria nel Paese e nelle Istituzioni.<br \/>\n\u00abSono stati giorni intensi e appassionanti &#8211; spiega la neo Deputata pontina &#8211; e alla fine il nostro impegno sul territorio \u00e8 stato ripagato da un risultato straordinario. Voglio ringraziare Claudio Durigon e Matteo Salvini per l&#8217;opportunit\u00e0 che mi \u00e8 stata concessa, ma soprattutto voglio ringraziare tutti coloro che scegliendo la Lega ci hanno accordato la loro fiducia: non li deluderemo.<br \/>\nFin da subito, come promesso in campagna elettorale lavoreremo perch\u00e9 la flat tax diventi finalmente una realt\u00e0 consolidata, per l&#8217;azzeramento dell&#8217;iva sui beni di prima necessit\u00e0, per un aiuto concreto a famiglie e imprese contro il caro bollette, per una riforma delle pensioni pi\u00f9 giusta con Quota 41 e per una scuola che sappia valorizzare le professionalit\u00e0 dei dirigenti scolastici, degli insegnanti e i talenti degli studenti italiani. Ma soprattutto come rappresentante del territorio e della provincia sar\u00e0 mia cura impegnarmi su quei temi che riguardano la provincia di Latina e quella di Frosinone. Le opere infrastrutturali, la sanit\u00e0 locale e lo sviluppo di un territorio troppo spesso dimenticato da una sinistra miope e romanocentrica. Porteremo finalmente in parlamento la voce della nostra gente e della nostra terra\u00bb.<\/p>\n<p>&nbsp;<\/p>\n<p>&nbsp;<\/p>\n<div class=\"radio-posizionamento-telefono-in-articoli-dopo-il-contenuto-articolo radio-entity-placement\" id=\"radio-1249598780\"><div id=\"radio-2997832388\" style=\"width: 300px;height: 250px;\"><a href=\"https:\/\/www.icarspa.it\/auto\/usate\/latina\/\" aria-label=\"banner aprile icar new life &#8211; auto usate latina\"><img loading=\"lazy\" decoding=\"async\" src=\"https:\/\/www.radioluna.it\/news\/wp-content\/uploads\/2026\/02\/banner-aprile-icar-new-life-auto-usate-latina.gif\" alt=\"\"  width=\"300\" height=\"250\"   \/><\/a><\/div><\/div>","protected":false},"excerpt":{"rendered":"<p>LATINA &#8211; Ringrazia tutti gli elettori che hanno sostenuto la Lega consentendola di essere eletta, la consigliera comunale Giovanna Miele che si insedier\u00e0 in Parlamento come deputata: &#8220;Oggi sono fiera di poter rappresentare in Parlamento la mia citt\u00e0, Latina, la provincia pontina e quella di Frosinone&#8221;, scrive in una nota dopo l&#8217;elezione alla Camera dei [&hellip;]<\/p>\n","protected":false},"author":60,"featured_media":318527,"comment_status":"open","ping_status":"open","sticky":false,"template":"","format":"standard","meta":{"footnotes":""},"categories":[8],"tags":[],"class_list":["post-318526","post","type-post","status-publish","format-standard","has-post-thumbnail","hentry","category-politica"],"_links":{"self":[{"href":"https:\/\/www.radioluna.it\/news\/wp-json\/wp\/v2\/posts\/318526","targetHints":{"allow":["GET"]}}],"collection":[{"href":"https:\/\/www.radioluna.it\/news\/wp-json\/wp\/v2\/posts"}],"about":[{"href":"https:\/\/www.radioluna.it\/news\/wp-json\/wp\/v2\/types\/post"}],"author":[{"embeddable":true,"href":"https:\/\/www.radioluna.it\/news\/wp-json\/wp\/v2\/users\/60"}],"replies":[{"embeddable":true,"href":"https:\/\/www.radioluna.it\/news\/wp-json\/wp\/v2\/comments?post=318526"}],"version-history":[{"count":0,"href":"https:\/\/www.radioluna.it\/news\/wp-json\/wp\/v2\/posts\/318526\/revisions"}],"wp:featuredmedia":[{"embeddable":true,"href":"https:\/\/www.radioluna.it\/news\/wp-json\/wp\/v2\/media\/318527"}],"wp:attachment":[{"href":"https:\/\/www.radioluna.it\/news\/wp-json\/wp\/v2\/media?parent=318526"}],"wp:term":[{"taxonomy":"category","embeddable":true,"href":"https:\/\/www.radioluna.it\/news\/wp-json\/wp\/v2\/categories?post=318526"},{"taxonomy":"post_tag","embeddable":true,"href":"https:\/\/www.radioluna.it\/news\/wp-json\/wp\/v2\/tags?post=318526"}],"curies":[{"name":"wp","href":"https:\/\/api.w.org\/{rel}","templated":true}]}}