{"id":318634,"date":"2022-09-29T18:17:02","date_gmt":"2022-09-29T16:17:02","guid":{"rendered":"https:\/\/www.radioluna.it\/news\/?p=318634"},"modified":"2022-09-29T18:20:33","modified_gmt":"2022-09-29T16:20:33","slug":"dopo-la-sfiducia-lbc-lasciare-laula-gesto-offensivo-nei-confronti-del-sindaco-e-della-citta","status":"publish","type":"post","link":"https:\/\/www.radioluna.it\/news\/2022\/09\/dopo-la-sfiducia-lbc-lasciare-laula-gesto-offensivo-nei-confronti-del-sindaco-e-della-citta\/","title":{"rendered":"Dopo la sfiducia, Lbc: &#8220;Lasciare l&#8217;aula gesto offensivo nei confronti del sindaco e della citt\u00e0&#8221;"},"content":{"rendered":"<div id=\"fb-root\"><\/div>\n<p style=\"text-align: justify;\"><strong>LATINA<\/strong> &#8211; \u201cLasciare l\u2019aula \u00e8 stato un gesto offensivo nei confronti del Sindaco, a cui \u00e8 stata sottratta la possibilit\u00e0 di avere parola, e della citt\u00e0. Il centrodestra, infatti, crede di averci dato una spallata in quanto forza politica, in realt\u00e0 l\u2019hanno data ai cittadini e alle cittadine\u201d. Cos\u00ec Latina Bene Comune in una nota firmata dai consiglieri Dario Bellini, Valeria Campagna, Floriana Coletta, GianMarco Proietti ed Emilio Ranieri e dalla segretaria del Movimento Elettra Ortu La Barbera che sottolineando come sia stata &#8221; consegnata la citt\u00e0 in mano al quarto commissariamento in dieci anni, e nel momento peggiore della nostra storia recente: quando ci stiamo per approcciare ad un inverno durissimo, alla luce dell\u2019inflazione e dell\u2019aumento dei costi. Sia chiaro, l\u2019esercizio della sfiducia \u00e8 nella piena disponibilit\u00e0 giuridica delle forze consiliari: ma lasciare l\u2019aula chiedendo la sospensione, evitando addirittura un confronto, sottraendosi alle proprie responsabilit\u00e0, \u00e8 stato un atto di assoluta prepotenza. \u00c8 stato come scappar di notte, senza lasciare una spiegazione. Non tanto a noi, quanto ai cittadini e alle cittadine. Nei confronti dei quali dovrete, nel tempo, assumervi l\u2019onere della responsabilit\u00e0 di questa scelta\u201d.<\/p>\n<p style=\"text-align: justify;\">\u201cAuguriamo \u2013 concludono \u2013 buon lavoro al futuro commissario. Siamo convinti che sapr\u00e0 dare prosecuzione all\u2019ottimo lavoro impostato dalla maggioranza Coletta e dalla sua giunta, dando implementazione ai tanti progetti in essere. Dal 2016 ad oggi la macchina comunale \u00e8 stata, letteralmente, bonificata. Abbiamo preso una citt\u00e0 in ginocchio, la lasciamo in piedi sulle sue gambe ed in salute. Quando vinceremo per la quarta volta sapremo completare l\u2019opera, rendere quelle gambe robuste e solide per correre verso il futuro. Verso il centenario. Nel frattempo, il nostro lavoro non si ferma qui, perch\u00e9 la politica si fa anche fuori dal Comune: tra la gente, tra le strade, dove continueremo a stare. Con dignit\u00e0, responsabilit\u00e0, e cura per il bene comune\u201d.<\/p>\n<p style=\"text-align: justify;\">\n<div class=\"radio-posizionamento-telefono-in-articoli-dopo-il-contenuto-articolo radio-entity-placement\" id=\"radio-1497925099\"><div id=\"radio-709666173\"><a href=\"https:\/\/grupporedi.it\/\" aria-label=\"Redi-Qr\"><img loading=\"lazy\" decoding=\"async\" src=\"https:\/\/www.radioluna.it\/news\/wp-content\/uploads\/2026\/03\/Redi-Qr.jpg\" alt=\"\"  srcset=\"https:\/\/www.radioluna.it\/news\/wp-content\/uploads\/2026\/03\/Redi-Qr.jpg 800w, https:\/\/www.radioluna.it\/news\/wp-content\/uploads\/2026\/03\/Redi-Qr-768x639.jpg 768w\" sizes=\"(max-width: 800px) 100vw, 800px\" width=\"300\" height=\"250\"   \/><\/a><\/div><\/div>","protected":false},"excerpt":{"rendered":"<p>LATINA &#8211; \u201cLasciare l\u2019aula \u00e8 stato un gesto offensivo nei confronti del Sindaco, a cui \u00e8 stata sottratta la possibilit\u00e0 di avere parola, e della citt\u00e0. Il centrodestra, infatti, crede di averci dato una spallata in quanto forza politica, in realt\u00e0 l\u2019hanno data ai cittadini e alle cittadine\u201d. Cos\u00ec Latina Bene Comune in una nota [&hellip;]<\/p>\n","protected":false},"author":60,"featured_media":318635,"comment_status":"open","ping_status":"open","sticky":false,"template":"","format":"standard","meta":{"footnotes":""},"categories":[8],"tags":[],"class_list":["post-318634","post","type-post","status-publish","format-standard","has-post-thumbnail","hentry","category-politica"],"_links":{"self":[{"href":"https:\/\/www.radioluna.it\/news\/wp-json\/wp\/v2\/posts\/318634","targetHints":{"allow":["GET"]}}],"collection":[{"href":"https:\/\/www.radioluna.it\/news\/wp-json\/wp\/v2\/posts"}],"about":[{"href":"https:\/\/www.radioluna.it\/news\/wp-json\/wp\/v2\/types\/post"}],"author":[{"embeddable":true,"href":"https:\/\/www.radioluna.it\/news\/wp-json\/wp\/v2\/users\/60"}],"replies":[{"embeddable":true,"href":"https:\/\/www.radioluna.it\/news\/wp-json\/wp\/v2\/comments?post=318634"}],"version-history":[{"count":0,"href":"https:\/\/www.radioluna.it\/news\/wp-json\/wp\/v2\/posts\/318634\/revisions"}],"wp:featuredmedia":[{"embeddable":true,"href":"https:\/\/www.radioluna.it\/news\/wp-json\/wp\/v2\/media\/318635"}],"wp:attachment":[{"href":"https:\/\/www.radioluna.it\/news\/wp-json\/wp\/v2\/media?parent=318634"}],"wp:term":[{"taxonomy":"category","embeddable":true,"href":"https:\/\/www.radioluna.it\/news\/wp-json\/wp\/v2\/categories?post=318634"},{"taxonomy":"post_tag","embeddable":true,"href":"https:\/\/www.radioluna.it\/news\/wp-json\/wp\/v2\/tags?post=318634"}],"curies":[{"name":"wp","href":"https:\/\/api.w.org\/{rel}","templated":true}]}}