{"id":319163,"date":"2022-10-08T09:56:28","date_gmt":"2022-10-08T07:56:28","guid":{"rendered":"https:\/\/www.radioluna.it\/news\/?p=319163"},"modified":"2022-10-15T18:19:39","modified_gmt":"2022-10-15T16:19:39","slug":"al-liceo-classico-di-latina-accolto-il-ricorso-della-ex-dirigente-eleonora-lofrese-disposto-il-reintegro-nel-posto-di-lavoro","status":"publish","type":"post","link":"https:\/\/www.radioluna.it\/news\/2022\/10\/al-liceo-classico-di-latina-accolto-il-ricorso-della-ex-dirigente-eleonora-lofrese-disposto-il-reintegro-nel-posto-di-lavoro\/","title":{"rendered":"Al Liceo Classico di Latina, accolto il ricorso della ex dirigente Eleonora Lofrese: disposto il reintegro nel posto di lavoro"},"content":{"rendered":"<div id=\"fb-root\"><\/div>\n<p style=\"text-align: justify;\"><strong>LATINA &#8211; <\/strong>Colpo di scena al <strong>Liceo Classico di Latina<\/strong> dove questa mattina \u00e8 arrivata la notizia che \u00e8 stato accolto il ricorso della ex <strong>dirigente scolastica Eleonora Lofrese<\/strong>. La preside, infatti,\u00a0 posta in quiescenza, chiedeva di rientrare, ma l&#8217; istanza era stata respinta in primo grado dal giudice del Tribunale del Lavoro di Latina. Il giudizio \u00e8 andato avanti e nelle scorse ore\u00a0 <strong>il ricorso in appello \u00e8 stato accolto dal Collegio della stessa Sezione del Lavoro<\/strong>, in applicazione della norma che prevede che un dirigente scolastico possa portare a termine, sotto la sua gestione, un progetto europeo avviato. Come \u00e8 il caso dell&#8217;Erasmus Plus del Liceo Classico Dante Alighieri di Latina che finir\u00e0 nel 2023. Esattamente a fine agosto del 2023, scadr\u00e0 anche il contratto in essere tra l&#8217;ufficio Scolastico regionale e la professoressa Lofrese (<em>al centro nella foto tra le docenti Rossi e Spaghetti<\/em>).<\/p>\n<p style=\"text-align: justify;\">Per il reintegro effettivo, al posto dell&#8217;attuale dirigente Antonietta De Luca fresca di nomina, <strong>manca per\u00f2 l&#8217;atto dell&#8217;ufficio scolastico regionale<\/strong>. Il prossimo passo per dare operativit\u00e0 alla sentenza del Tribunale di Latina che accoglie il reclamo ritenendo fondata la richiesta della dirigente scolastica e dispone il trattenimento in servizio presso la scuola di provenienza, sar\u00e0 infatti il <strong>decreto del direttore dell&#8217;Usr di reintegrazione sul posto di lavoro<\/strong>. Un atto che non dovrebbe tardare ad arrivare. Luned\u00ec, dunque la Lofrese potrebbe essere gi\u00e0 nel suo ufficio di Viale Mazzini.<\/p>\n<p style=\"text-align: justify;\">La ricorrente aveva pi\u00f9 volte detto di volere la semplice applicazione della legge in vigore, considerando, oltre che un diritto, anche un suo preciso dovere nei confronti della scuola chiudere l&#8217;Erasmus avviato, un progetto di ecosostenibilit\u00e0 che prevede una mobilit\u00e0 di studenti tra Latina e altri paesi europei. Il progetto ha gi\u00e0 portato un gruppo di\u00a0 studenti di Latina in Estonia e proseguir\u00e0 in Germania e poi in Polonia, mentre la conclusione sar\u00e0 in Italia, a Latina, che accoglier\u00e0 gli altri studenti europei che partecipano al percorso.<\/p>\n<p style=\"text-align: justify;\">\n<div class=\"radio-posizionamento-telefono-in-articoli-dopo-il-contenuto-articolo radio-entity-placement\" id=\"radio-1772937217\"><div id=\"radio-1861111340\" style=\"width: 300px;height: 250px;\"><a href=\"https:\/\/www.icarspa.it\/auto\/usate\/latina\/\" aria-label=\"banner aprile icar new life &#8211; auto usate latina\"><img loading=\"lazy\" decoding=\"async\" src=\"https:\/\/www.radioluna.it\/news\/wp-content\/uploads\/2026\/02\/banner-aprile-icar-new-life-auto-usate-latina.gif\" alt=\"\"  width=\"300\" height=\"250\"   \/><\/a><\/div><\/div>","protected":false},"excerpt":{"rendered":"<p>LATINA &#8211; Colpo di scena al Liceo Classico di Latina dove questa mattina \u00e8 arrivata la notizia che \u00e8 stato accolto il ricorso della ex dirigente scolastica Eleonora Lofrese. La preside, infatti,\u00a0 posta in quiescenza, chiedeva di rientrare, ma l&#8217; istanza era stata respinta in primo grado dal giudice del Tribunale del Lavoro di Latina. [&hellip;]<\/p>\n","protected":false},"author":62,"featured_media":0,"comment_status":"open","ping_status":"open","sticky":false,"template":"","format":"standard","meta":{"footnotes":""},"categories":[248],"tags":[],"class_list":["post-319163","post","type-post","status-publish","format-standard","hentry","category-istruzione"],"_links":{"self":[{"href":"https:\/\/www.radioluna.it\/news\/wp-json\/wp\/v2\/posts\/319163","targetHints":{"allow":["GET"]}}],"collection":[{"href":"https:\/\/www.radioluna.it\/news\/wp-json\/wp\/v2\/posts"}],"about":[{"href":"https:\/\/www.radioluna.it\/news\/wp-json\/wp\/v2\/types\/post"}],"author":[{"embeddable":true,"href":"https:\/\/www.radioluna.it\/news\/wp-json\/wp\/v2\/users\/62"}],"replies":[{"embeddable":true,"href":"https:\/\/www.radioluna.it\/news\/wp-json\/wp\/v2\/comments?post=319163"}],"version-history":[{"count":0,"href":"https:\/\/www.radioluna.it\/news\/wp-json\/wp\/v2\/posts\/319163\/revisions"}],"wp:attachment":[{"href":"https:\/\/www.radioluna.it\/news\/wp-json\/wp\/v2\/media?parent=319163"}],"wp:term":[{"taxonomy":"category","embeddable":true,"href":"https:\/\/www.radioluna.it\/news\/wp-json\/wp\/v2\/categories?post=319163"},{"taxonomy":"post_tag","embeddable":true,"href":"https:\/\/www.radioluna.it\/news\/wp-json\/wp\/v2\/tags?post=319163"}],"curies":[{"name":"wp","href":"https:\/\/api.w.org\/{rel}","templated":true}]}}