{"id":319182,"date":"2022-10-08T11:13:50","date_gmt":"2022-10-08T09:13:50","guid":{"rendered":"https:\/\/www.radioluna.it\/news\/?p=319182"},"modified":"2022-10-08T12:04:46","modified_gmt":"2022-10-08T10:04:46","slug":"lutto-in-camera-di-commercio-e-morta-la-moglie-del-presidente-acampora","status":"publish","type":"post","link":"https:\/\/www.radioluna.it\/news\/2022\/10\/lutto-in-camera-di-commercio-e-morta-la-moglie-del-presidente-acampora\/","title":{"rendered":"Lutto in Camera di Commercio, \u00e8 morta la moglie del Presidente Acampora"},"content":{"rendered":"<div id=\"fb-root\"><\/div>\n<p style=\"text-align: justify;\"><strong>LATINA &#8211; <\/strong>Un grave lutto ha colpito il Presidente della Camera di Commercio di Frosinone-Latina e della Confcommercio Lazio Sud, Giovanni Acampora. Si \u00e8 spenta l&#8217;amatissima moglie Lucia De Meo, avvocata, aveva 59 anni e aveva scoperto, dopo un ricovero avvenuto nei mesi scorsi, di avere una grave patologia che si \u00e8 rivelata fatale. La signora Acampora De Meo si \u00e8 spenta nella notte all&#8217;ospedale di Terracina. La notizia \u00e8 stata data questa mattina dalla famiglia agli amici pi\u00f9 cari.<\/p>\n<p>I funerali saranno celebrati luned\u00ec 10 ottobre alle 15.30 nella Chiesa Parrocchiale dei SS. Lorenzo e Giovanni Battista, in piazza San Giovanni a Formia,<\/p>\n<p>Tutta Mondo Radio e la redazione di Gr Latina si stringono al dolore del Presidente Acampora e dei suoi familiari in questo momento difficile.<\/p>\n<p style=\"text-align: justify;\">\n<div class=\"radio-posizionamento-telefono-in-articoli-dopo-il-contenuto-articolo radio-entity-placement\" id=\"radio-3161240995\"><div id=\"radio-1944460710\"><a href=\"https:\/\/grupporedi.it\/\" aria-label=\"Redi-Qr\"><img loading=\"lazy\" decoding=\"async\" src=\"https:\/\/www.radioluna.it\/news\/wp-content\/uploads\/2026\/03\/Redi-Qr.jpg\" alt=\"\"  srcset=\"https:\/\/www.radioluna.it\/news\/wp-content\/uploads\/2026\/03\/Redi-Qr.jpg 800w, https:\/\/www.radioluna.it\/news\/wp-content\/uploads\/2026\/03\/Redi-Qr-768x639.jpg 768w\" sizes=\"(max-width: 800px) 100vw, 800px\" width=\"300\" height=\"250\"   \/><\/a><\/div><\/div>","protected":false},"excerpt":{"rendered":"<p>LATINA &#8211; Un grave lutto ha colpito il Presidente della Camera di Commercio di Frosinone-Latina e della Confcommercio Lazio Sud, Giovanni Acampora. Si \u00e8 spenta l&#8217;amatissima moglie Lucia De Meo, avvocata, aveva 59 anni e aveva scoperto, dopo un ricovero avvenuto nei mesi scorsi, di avere una grave patologia che si \u00e8 rivelata fatale. La [&hellip;]<\/p>\n","protected":false},"author":62,"featured_media":319183,"comment_status":"open","ping_status":"open","sticky":false,"template":"","format":"standard","meta":{"footnotes":""},"categories":[7],"tags":[],"class_list":["post-319182","post","type-post","status-publish","format-standard","has-post-thumbnail","hentry","category-cronaca"],"_links":{"self":[{"href":"https:\/\/www.radioluna.it\/news\/wp-json\/wp\/v2\/posts\/319182","targetHints":{"allow":["GET"]}}],"collection":[{"href":"https:\/\/www.radioluna.it\/news\/wp-json\/wp\/v2\/posts"}],"about":[{"href":"https:\/\/www.radioluna.it\/news\/wp-json\/wp\/v2\/types\/post"}],"author":[{"embeddable":true,"href":"https:\/\/www.radioluna.it\/news\/wp-json\/wp\/v2\/users\/62"}],"replies":[{"embeddable":true,"href":"https:\/\/www.radioluna.it\/news\/wp-json\/wp\/v2\/comments?post=319182"}],"version-history":[{"count":0,"href":"https:\/\/www.radioluna.it\/news\/wp-json\/wp\/v2\/posts\/319182\/revisions"}],"wp:featuredmedia":[{"embeddable":true,"href":"https:\/\/www.radioluna.it\/news\/wp-json\/wp\/v2\/media\/319183"}],"wp:attachment":[{"href":"https:\/\/www.radioluna.it\/news\/wp-json\/wp\/v2\/media?parent=319182"}],"wp:term":[{"taxonomy":"category","embeddable":true,"href":"https:\/\/www.radioluna.it\/news\/wp-json\/wp\/v2\/categories?post=319182"},{"taxonomy":"post_tag","embeddable":true,"href":"https:\/\/www.radioluna.it\/news\/wp-json\/wp\/v2\/tags?post=319182"}],"curies":[{"name":"wp","href":"https:\/\/api.w.org\/{rel}","templated":true}]}}