{"id":319262,"date":"2022-10-10T09:21:33","date_gmt":"2022-10-10T07:21:33","guid":{"rendered":"https:\/\/www.radioluna.it\/news\/?p=319262"},"modified":"2022-10-10T14:05:46","modified_gmt":"2022-10-10T12:05:46","slug":"covid-lichtner-chi-non-e-vaccinato-rischia-ancora-al-goretti-di-latina-donna-grave-in-rianimazione","status":"publish","type":"post","link":"https:\/\/www.radioluna.it\/news\/2022\/10\/covid-lichtner-chi-non-e-vaccinato-rischia-ancora-al-goretti-di-latina-donna-grave-in-rianimazione\/","title":{"rendered":"Covid, Lichtner: &#8220;Chi non \u00e8 vaccinato rischia ancora&#8221;. Al Goretti di Latina donna grave in rianimazione"},"content":{"rendered":"<div id=\"fb-root\"><\/div>\n<p style=\"text-align: justify;\"><strong>LATINA &#8211; <\/strong>&#8220;<strong>Chi non \u00e8 vaccinato contro il Covid, rischia ancora oggi di avere una forma aggressiva<\/strong>&#8220;.\u00a0 In un momento di ripresa dei contagi e con l&#8217;ingresso nell&#8217;autunno, facciamo il punto della situazione sull&#8217;infezione a livello provinciale, con la professoressa <strong>Miriam Lichtner, direttrice della Uoc di Malattie Infettive dell&#8217;ospedale Santa Maria Goretti di Latina<\/strong>. L&#8217;ultimo monitoraggio settimanale ha evidenziato un +33,8% di contagi, e ora si attende la nuova rilevazione di dati a livello regionale e provinciale.<\/p>\n<p style=\"text-align: justify;\">Nonostante i circa 300 attuali nuovi positivi che si registrano ogni giorno nella Asl di Latina, grazie al fatto che una buona parte della popolazione \u00e8 vaccinata con tre dosi, la situazione ospedaliera resta stabile sotto il profilo dei ricoveri.\u00a0 Il sistema a fisarmonica ormai adottato dall&#8217;azienda sanitaria consente al Goretti di adattarsi rapidamente all&#8217;evoluzione dei contagi: &#8220;<strong>Abbiamo un dato costante di 15-18 pazienti ricoverati e di circa 5 pazienti nuovi che arrivano in pronto soccorso ogni giorno<\/strong>. Purtroppo<strong> ci sono anche pazienti gravi, si tratta di persone<\/strong> <strong>fortemente immonodepresse<\/strong>\u00a0che hanno contratto l&#8217;infezione e <strong>non hanno fatto terapia adeguata preventiva<\/strong>. Abbiamo avuto anche dei casi di <strong>pazienti ancora non vaccinati<\/strong> e l\u00ec abbiamo visto <strong>polmoniti molti simili a quelle iniziali che quindi hanno richiesto un intervento rianimatorio<\/strong>&#8220;. Il caso pi\u00f9 grave in questo momento riguarda una donna di circa 70 anni, senza particolari patologie, mai vaccinata e mai entrata in contatto con il virus. per lei si \u00e8 reso necessario il trattamento in Rianimazione.<\/p>\n<p style=\"text-align: justify;\">&#8220;<strong>La vaccinazione<\/strong> in questo momento &#8211; aggiunge la professoressa Lichtner\u00a0 &#8211;<strong> \u00e8 focale in una fase interepidemica in cui abbiamo ancora la possibilit\u00e0 di agire e di andare a proteggere i soggetti pi\u00f9 fragili<\/strong>. Il Dipartimento di Prevenzione della nostra Asl da qualche anno attua in questo senso una strategia efficace di prevenzione, con un sistema porta a porta nei vari reparti, che funziona&#8221;.<\/p>\n<p style=\"text-align: justify;\">In questi giorni si \u00e8 infatti osservato un picco di vaccinazioni, circa 500 al giorno, dovuto proprio alla campagna vaccinale per <strong>il second booster (quarta dose)<\/strong> a favore dei sanitari con l&#8217;obiettivo doppio di proteggere non solo gli operatori e con loro i fragili, ma anche di &#8220;salvare&#8221; il servizio sanitario.<\/p>\n<p><strong>IL PODCAST<\/strong><\/p>\n<audio class=\"wp-audio-shortcode\" id=\"audio-319262-1\" preload=\"none\" style=\"width: 100%;\" controls=\"controls\"><source type=\"audio\/mpeg\" src=\"https:\/\/www.radioluna.it\/news\/wp-content\/uploads\/2022\/10\/MIRIAM.mp3?_=1\" \/><a href=\"https:\/\/www.radioluna.it\/news\/wp-content\/uploads\/2022\/10\/MIRIAM.mp3\">https:\/\/www.radioluna.it\/news\/wp-content\/uploads\/2022\/10\/MIRIAM.mp3<\/a><\/audio>\n<p>&nbsp;<\/p>\n<p style=\"text-align: justify;\">\n<div class=\"radio-posizionamento-telefono-in-articoli-dopo-il-contenuto-articolo radio-entity-placement\" id=\"radio-4199539998\"><div id=\"radio-3741929296\" style=\"width: 300px;height: 250px;\"><a href=\"https:\/\/www.icarspa.it\/auto\/usate\/latina\/\" aria-label=\"banner aprile icar new life &#8211; auto usate latina\"><img loading=\"lazy\" decoding=\"async\" src=\"https:\/\/www.radioluna.it\/news\/wp-content\/uploads\/2026\/02\/banner-aprile-icar-new-life-auto-usate-latina.gif\" alt=\"\"  width=\"300\" height=\"250\"   \/><\/a><\/div><\/div>","protected":false},"excerpt":{"rendered":"<p>LATINA &#8211; &#8220;Chi non \u00e8 vaccinato contro il Covid, rischia ancora oggi di avere una forma aggressiva&#8220;.\u00a0 In un momento di ripresa dei contagi e con l&#8217;ingresso nell&#8217;autunno, facciamo il punto della situazione sull&#8217;infezione a livello provinciale, con la professoressa Miriam Lichtner, direttrice della Uoc di Malattie Infettive dell&#8217;ospedale Santa Maria Goretti di Latina. L&#8217;ultimo [&hellip;]<\/p>\n","protected":false},"author":62,"featured_media":319264,"comment_status":"open","ping_status":"open","sticky":false,"template":"","format":"standard","meta":{"footnotes":""},"categories":[7],"tags":[],"class_list":["post-319262","post","type-post","status-publish","format-standard","has-post-thumbnail","hentry","category-cronaca"],"_links":{"self":[{"href":"https:\/\/www.radioluna.it\/news\/wp-json\/wp\/v2\/posts\/319262","targetHints":{"allow":["GET"]}}],"collection":[{"href":"https:\/\/www.radioluna.it\/news\/wp-json\/wp\/v2\/posts"}],"about":[{"href":"https:\/\/www.radioluna.it\/news\/wp-json\/wp\/v2\/types\/post"}],"author":[{"embeddable":true,"href":"https:\/\/www.radioluna.it\/news\/wp-json\/wp\/v2\/users\/62"}],"replies":[{"embeddable":true,"href":"https:\/\/www.radioluna.it\/news\/wp-json\/wp\/v2\/comments?post=319262"}],"version-history":[{"count":0,"href":"https:\/\/www.radioluna.it\/news\/wp-json\/wp\/v2\/posts\/319262\/revisions"}],"wp:featuredmedia":[{"embeddable":true,"href":"https:\/\/www.radioluna.it\/news\/wp-json\/wp\/v2\/media\/319264"}],"wp:attachment":[{"href":"https:\/\/www.radioluna.it\/news\/wp-json\/wp\/v2\/media?parent=319262"}],"wp:term":[{"taxonomy":"category","embeddable":true,"href":"https:\/\/www.radioluna.it\/news\/wp-json\/wp\/v2\/categories?post=319262"},{"taxonomy":"post_tag","embeddable":true,"href":"https:\/\/www.radioluna.it\/news\/wp-json\/wp\/v2\/tags?post=319262"}],"curies":[{"name":"wp","href":"https:\/\/api.w.org\/{rel}","templated":true}]}}