{"id":319296,"date":"2022-10-10T14:26:38","date_gmt":"2022-10-10T12:26:38","guid":{"rendered":"https:\/\/www.radioluna.it\/news\/?p=319296"},"modified":"2022-10-11T15:21:59","modified_gmt":"2022-10-11T13:21:59","slug":"il-viaggio-del-persano-salute-mentale-tappa-a-latina-per-il-cavallo-esso-che-sta-attraversando-litalia","status":"publish","type":"post","link":"https:\/\/www.radioluna.it\/news\/2022\/10\/il-viaggio-del-persano-salute-mentale-tappa-a-latina-per-il-cavallo-esso-che-sta-attraversando-litalia\/","title":{"rendered":"Salute mentale, tappa a Latina per il cavallo Esso che sta attraversando l&#8217;Italia"},"content":{"rendered":"<div id=\"fb-root\"><\/div>\n<p style=\"text-align: justify;\"><strong>LATINA<\/strong> &#8211; Ha toccato Latina proprio alla vigilia della Giornata mondiale della Salute Mentale, che ricorre oggi, Esso, un cavallo di razza Persano in viaggio attraverso l\u2019Italia per promuovere le tematiche e la tutela della salute mentale in particolare delle persone in et\u00e0 evolutiva. La tappa pontina si \u00e8 svolta presso la Agor\u00e0 Salus, struttura specializzata che ha aperto per l&#8217;occasione le sue porte al vicinato e alle istituzioni.<\/p>\n<p style=\"text-align: justify;\">&#8220;Un giorno di festa &#8211; dichiara la titolare Silvia Baglioni &#8211;\u00a0 che ha visto uniti giovani pazienti, operatori OSS, psicologi, psichiatri, assistenti sociali, infermieri, vicini di casa, istituzioni, genitori, colleghi e amici. Finalmente tutti insieme per cercare di cambiare il modo in cui le persone parlano di malattia mentale e nell&#8217;ottica di ridurre lo stigma e comprendere che la cura del disagio psichico \u00e8 possibile. Vogliamo che si alla portata di tutti il messaggio concreto che sul territorio laziale esistono strutture valide che combattono la cronicit\u00e0 proponendo un grande lavoro di psicoterapia residenziale intensiva&#8221;.<\/p>\n<p style=\"text-align: justify;\"><strong>LE TAPPE<\/strong> &#8211; Esso, e il suo cow boy Sam Adul, arrivato appositamente dall\u2019Australia, percorreranno in solitaria, 1180 km diretti alla Statua di Marco Cavallo a Trieste, simbolo di quella legge 180 del 13 maggio 1978, la Legge Basaglia, che aboliva i manicomi in Italia. In tutto 50 tappe, fino alla fine di novembre, ospiti ogni sera dalle varie comunit\u00e0 terapeutiche riabilitative e socio riabilitative sparse su tutto il territorio nazionale<\/p>\n<p style=\"text-align: justify;\"><strong>CHI C&#8217;ERA<\/strong> &#8211; All&#8217;evento pontino hanno preso parte\u00a0 tra gli altri, lo psichiatra Sandro Rullo, ideatore del progetto Nazionale Crazy Football e responsabile scientifico di ECOS: &#8220;E&#8217; una provocazione itinerante che accender\u00e0 i riflettori sulle condizioni di disagio mentale nei diversi territori, con l\u2019obiettivo di spronare &#8211; spiega &#8211; . Il settore pubblico, quello privato e il terzo settore ad implementare approcci integrati che valorizzino gli interventi complementari psicosociali, di empowerment e di partecipazione\u201d.\u00a0 Presente Floriana Coletta, dirigente medico psichiatra SPDC della Asl di Latina ed ex consigliera comunale d Lbc: \u201cEventi\u00a0 come questi\u00a0 &#8211; ha spiegato &#8211; sono importanti per dare visibilit\u00e0 al lavoro che si fa in ambito psichiatrico. \u00c8 compito della politica\u00a0 &#8211; ha aggiunto &#8211; occuparsi dei pi\u00f9 fragili, fondamentale il discorso legato alla prevenzione, con la mozione dello psicologo di base presentata in consiglio comunale a Latina abbiamo dato un input per l\u2019attivazione del percorso con la regione Lazio&#8221;. All&#8217;evento ha partecipato anche Paola Marchetti, presidente FenascopLazio -Federazione Nazionale Strutture Comunitarie Psichiatriche.<\/p>\n<p style=\"text-align: justify;\"><strong>IL VIAGGIO<\/strong> &#8211; Esso, partito il 2 ottobre dal Real sito di Carditello, \u00e8 rimasto vittima di un lieve infortunio durante la discesa da Itri e per questo soggiorner\u00e0 per un paio di giorni all\u2019oasi di Ninfa per riposarsi e rimettersi in forma prima di riprendere con pi\u00f9 forza il viaggio alla volta di Trieste.<\/p>\n<p style=\"text-align: justify;\"><strong>LE RAGIONI DEL PROGETTO &#8211;<\/strong> Dopo la Pandemia, la crisi Ucraina e la recessione economica in atto, le problematiche relative alla salute mentale sono divenute pi\u00f9 evidenti e complesse. Servizi territoriali pubblici e ambulatori privati sono sempre pi\u00f9 al collasso per l\u2019aumento vertiginoso delle richieste di assistenza per disturbi dell\u2019adattamento o per pi\u00f9 importanti crisi psichiatriche, soprattutto in et\u00e0 evolutiva e in adolescenza. Il progetto\u00a0 nasce quindi dalla necessit\u00e0 di una maggiore attenzione e partecipazione di tutta la societ\u00e0 civile al problema della tutela della salute mentale.<\/p>\n<p><strong>PERCHE&#8217; UN CAVALLO<\/strong> &#8211;\u00a0 Marco Cavallo \u00e8 una scultura di legno e cartapesta in forma di &#8220;installazione&#8221; e &#8220;macchina teatrale&#8221;. L&#8217;opera fu realizzata nel 1973 all&#8217;interno del manicomio di Trieste da un&#8217;idea di Giuseppe Dell&#8217;Acqua, Dino Basaglia, Vittorio Basaglia e Giuliano Scabia. Esso la raggiunger\u00e0 il 30 novembre.<\/p>\n<div class=\"radio-posizionamento-telefono-in-articoli-dopo-il-contenuto-articolo radio-entity-placement\" id=\"radio-1572677555\"><div id=\"radio-301470737\" style=\"width: 300px;height: 250px;\"><a href=\"https:\/\/www.icarspa.it\/auto\/usate\/latina\/\" aria-label=\"banner aprile icar new life &#8211; auto usate latina\"><img loading=\"lazy\" decoding=\"async\" src=\"https:\/\/www.radioluna.it\/news\/wp-content\/uploads\/2026\/02\/banner-aprile-icar-new-life-auto-usate-latina.gif\" alt=\"\"  width=\"300\" height=\"250\"   \/><\/a><\/div><\/div>","protected":false},"excerpt":{"rendered":"<p>LATINA &#8211; Ha toccato Latina proprio alla vigilia della Giornata mondiale della Salute Mentale, che ricorre oggi, Esso, un cavallo di razza Persano in viaggio attraverso l\u2019Italia per promuovere le tematiche e la tutela della salute mentale in particolare delle persone in et\u00e0 evolutiva. La tappa pontina si \u00e8 svolta presso la Agor\u00e0 Salus, struttura [&hellip;]<\/p>\n","protected":false},"author":62,"featured_media":319306,"comment_status":"open","ping_status":"open","sticky":false,"template":"","format":"standard","meta":{"footnotes":""},"categories":[735],"tags":[],"class_list":["post-319296","post","type-post","status-publish","format-standard","has-post-thumbnail","hentry","category-attualita"],"_links":{"self":[{"href":"https:\/\/www.radioluna.it\/news\/wp-json\/wp\/v2\/posts\/319296","targetHints":{"allow":["GET"]}}],"collection":[{"href":"https:\/\/www.radioluna.it\/news\/wp-json\/wp\/v2\/posts"}],"about":[{"href":"https:\/\/www.radioluna.it\/news\/wp-json\/wp\/v2\/types\/post"}],"author":[{"embeddable":true,"href":"https:\/\/www.radioluna.it\/news\/wp-json\/wp\/v2\/users\/62"}],"replies":[{"embeddable":true,"href":"https:\/\/www.radioluna.it\/news\/wp-json\/wp\/v2\/comments?post=319296"}],"version-history":[{"count":0,"href":"https:\/\/www.radioluna.it\/news\/wp-json\/wp\/v2\/posts\/319296\/revisions"}],"wp:featuredmedia":[{"embeddable":true,"href":"https:\/\/www.radioluna.it\/news\/wp-json\/wp\/v2\/media\/319306"}],"wp:attachment":[{"href":"https:\/\/www.radioluna.it\/news\/wp-json\/wp\/v2\/media?parent=319296"}],"wp:term":[{"taxonomy":"category","embeddable":true,"href":"https:\/\/www.radioluna.it\/news\/wp-json\/wp\/v2\/categories?post=319296"},{"taxonomy":"post_tag","embeddable":true,"href":"https:\/\/www.radioluna.it\/news\/wp-json\/wp\/v2\/tags?post=319296"}],"curies":[{"name":"wp","href":"https:\/\/api.w.org\/{rel}","templated":true}]}}