{"id":319299,"date":"2022-10-10T13:42:29","date_gmt":"2022-10-10T11:42:29","guid":{"rendered":"https:\/\/www.radioluna.it\/news\/?p=319299"},"modified":"2022-10-11T11:09:02","modified_gmt":"2022-10-11T09:09:02","slug":"fra-diavolo-salpa-da-gaeta-per-fare-il-giro-del-mondo","status":"publish","type":"post","link":"https:\/\/www.radioluna.it\/news\/2022\/10\/fra-diavolo-salpa-da-gaeta-per-fare-il-giro-del-mondo\/","title":{"rendered":"Fra&#8217; Diavolo salpa da Gaeta per fare il giro del mondo"},"content":{"rendered":"<div id=\"fb-root\"><\/div>\n<p style=\"text-align: justify;\"><strong>ITRI<\/strong> &#8211; E\u2019 partita mercoled\u00ec da Gaeta l\u2019imbarcazione a vela Fra&#8217; Diavolo intitolata al pi\u00f9 famoso dei briganti. L&#8217;armatore Vincenzo Addessi ha deciso di realizzare il suo sogno nel cassetto e di far viaggiare la barca intorno al mondo. &#8220;In questo momento si stanno effettuando delle tappe di avvicinamento che porteranno la Fra&#8217; Diavolo alle Canarie. Poi dopo una regata sino a Capo Verde l&#8217;avventura proseguir\u00e0 circumnavigando l&#8217;Africa per citt\u00e0 del Capo&#8221;, spiegano dal team che seguir\u00e0 le tappe in tutti i continenti.<\/p>\n<p style=\"text-align: justify;\">L&#8217;avventura terr\u00e0 impegnato l&#8217;equipaggio per pi\u00f9 di un anno e nei porti che accoglieranno l&#8217;imbarcazione, dall&#8217;Africa, alle Americhe toccando Australia e Asia sar\u00e0 visibile la poppa con la firma originale del brigante e un piccolo vessillo del Comune di Itri che il Sindaco Giovanni Agresti consegn\u00f2 all&#8217;armatore itrano in occasione della sua premiazione a &#8220;cittadino dell&#8217;anno&#8221;.<\/p>\n<div class=\"radio-posizionamento-telefono-in-articoli-dopo-il-contenuto-articolo radio-entity-placement\" id=\"radio-2425947026\"><div id=\"radio-3933277382\"><a href=\"https:\/\/www.simeoneceramiche.com\/\" aria-label=\"SIMEONE CERAMICHE GIF animata per radioluna_Tavola disegno 1 copia 2 (online-video-cutter.com)\"><img loading=\"lazy\" decoding=\"async\" src=\"https:\/\/www.radioluna.it\/news\/wp-content\/uploads\/2025\/05\/SIMEONE-CERAMICHE-GIF-animata-per-radioluna_Tavola-disegno-1-copia-2-online-video-cutter.com_.gif\" alt=\"\"  width=\"300\" height=\"250\"   \/><\/a><\/div><\/div>","protected":false},"excerpt":{"rendered":"<p>ITRI &#8211; E\u2019 partita mercoled\u00ec da Gaeta l\u2019imbarcazione a vela Fra&#8217; Diavolo intitolata al pi\u00f9 famoso dei briganti. L&#8217;armatore Vincenzo Addessi ha deciso di realizzare il suo sogno nel cassetto e di far viaggiare la barca intorno al mondo. &#8220;In questo momento si stanno effettuando delle tappe di avvicinamento che porteranno la Fra&#8217; Diavolo alle [&hellip;]<\/p>\n","protected":false},"author":62,"featured_media":319300,"comment_status":"open","ping_status":"open","sticky":false,"template":"","format":"standard","meta":{"footnotes":""},"categories":[735],"tags":[],"class_list":["post-319299","post","type-post","status-publish","format-standard","has-post-thumbnail","hentry","category-attualita"],"_links":{"self":[{"href":"https:\/\/www.radioluna.it\/news\/wp-json\/wp\/v2\/posts\/319299","targetHints":{"allow":["GET"]}}],"collection":[{"href":"https:\/\/www.radioluna.it\/news\/wp-json\/wp\/v2\/posts"}],"about":[{"href":"https:\/\/www.radioluna.it\/news\/wp-json\/wp\/v2\/types\/post"}],"author":[{"embeddable":true,"href":"https:\/\/www.radioluna.it\/news\/wp-json\/wp\/v2\/users\/62"}],"replies":[{"embeddable":true,"href":"https:\/\/www.radioluna.it\/news\/wp-json\/wp\/v2\/comments?post=319299"}],"version-history":[{"count":0,"href":"https:\/\/www.radioluna.it\/news\/wp-json\/wp\/v2\/posts\/319299\/revisions"}],"wp:featuredmedia":[{"embeddable":true,"href":"https:\/\/www.radioluna.it\/news\/wp-json\/wp\/v2\/media\/319300"}],"wp:attachment":[{"href":"https:\/\/www.radioluna.it\/news\/wp-json\/wp\/v2\/media?parent=319299"}],"wp:term":[{"taxonomy":"category","embeddable":true,"href":"https:\/\/www.radioluna.it\/news\/wp-json\/wp\/v2\/categories?post=319299"},{"taxonomy":"post_tag","embeddable":true,"href":"https:\/\/www.radioluna.it\/news\/wp-json\/wp\/v2\/tags?post=319299"}],"curies":[{"name":"wp","href":"https:\/\/api.w.org\/{rel}","templated":true}]}}