{"id":319322,"date":"2022-10-10T17:32:36","date_gmt":"2022-10-10T15:32:36","guid":{"rendered":"https:\/\/www.radioluna.it\/news\/?p=319322"},"modified":"2022-10-12T17:11:31","modified_gmt":"2022-10-12T15:11:31","slug":"a-latina-e-tutto-pronto-per-il-festival-del-circo-23esima-edizione","status":"publish","type":"post","link":"https:\/\/www.radioluna.it\/news\/2022\/10\/a-latina-e-tutto-pronto-per-il-festival-del-circo-23esima-edizione\/","title":{"rendered":"A Latina \u00e8 tutto pronto per il Festival del Circo, 23esima edizione"},"content":{"rendered":"<div id=\"fb-root\"><\/div>\n<p style=\"text-align: justify;\"><strong>LATINA &#8211;<\/strong> \u00c8 stata presentata alla stampa nella tarda mattinata di oggi\u00a0 (luned\u00ec 10 ottobre)\u00a0 la 23\u00aa edizione dell\u2019International Circus Festival of Italy. L\u2019attesa manifestazione circense che si svolger\u00e0 da gioved\u00ec 13 a luned\u00ec 17 Ottobre a Latina promuove lo spettacolo dal vivo e l\u2019arte circense sotto ogni forma e vedr\u00e0 sfidarsi, per aggiudicarsi l\u2019ambito trofeo, i migliori artisti circensi selezionati dalle migliori scuole del mondo \u00a0che si esibiranno davanti a due giurie divisi in due spettacoli diversi ogni giorno. Seduti al tavolo dei relatori Fabio Montico il presidente dell\u2019Associazione Giulio Montico, i due presentatori Andrea Giachi ed Alessia Dell\u2019Acqua e il\u00a0 direttore di pista Tommy Cardarelli, gli imprenditori Luca Lepori\/Park Hotel, Bernardino Passeri\/Distretti Ecologici, Rino Polverino\/24MilaBaci e Francesca Cristofoli\/Modulo Centro Studio Danza.\u00a0 \u00a0\u00abTorna l\u2019appuntamento annuale con il Festival e questo ci conforta e rassicura, abbiamo ricevuto degli importanti riconoscimenti anche da parte del Ministero della Cultura che si complimenta con noi per la visibilit\u00e0 mondiale del Festival Internazionale del Circo d\u2019Italia, annoverato oggi tra i migliori Festival di settore, questo apprezzamento da parte del Ministero ci inorgoglisce\u00a0\u00a0 \u2013 ha detto Fabio Montico presidente dell\u2019Associazione Giulio Montico e direttore artistico del festival \u2013 anche per questa edizione ci saranno dei numeri eccezionali, la giuria della critica fra le pi\u00f9 temute e competenti,\u00a0 c\u2019\u00e8 l\u2019emozione di sempre e la curiosit\u00e0 di sapere chi sar\u00e0 il vincitore di questa importante sfida, molte novit\u00e0 anche nella formula scontistica dei biglietti, ci sono delle agevolazioni per gruppi e famiglie, proprio per dare a tutti la possibilit\u00e0 di godere a pieno dello spettacolo pi\u00f9 bello del mondo\u00bb.<\/p>\n<p>ASCOLTA FABIO MONTICO AL MICROFONO DI ELISABETTA DE FALCO<\/p>\n<audio class=\"wp-audio-shortcode\" id=\"audio-319322-1\" preload=\"none\" style=\"width: 100%;\" controls=\"controls\"><source type=\"audio\/mpeg\" src=\"https:\/\/www.radioluna.it\/news\/wp-content\/uploads\/2022\/10\/festival-circo-fabio-montico.mp3?_=1\" \/><a href=\"https:\/\/www.radioluna.it\/news\/wp-content\/uploads\/2022\/10\/festival-circo-fabio-montico.mp3\">https:\/\/www.radioluna.it\/news\/wp-content\/uploads\/2022\/10\/festival-circo-fabio-montico.mp3<\/a><\/audio>\n<p style=\"text-align: justify;\">Importante anche la collaborazione degli imprenditori Nazionali e Locali per affiancare la grande macchina del Festival, new entry la Distretti Ecologici \u00ab la nostra societ\u00e0 oltre che occuparsi di tutto ci\u00f2 che riguarda il green a livello di edilizia, si occupa anche di sport \u2013 ha affermato \u2013 Bernardino Passeri manager della Distretti Ecologici \u2013 aver scoperto una bella realt\u00e0 come quella del Festival Internazionale del Circo d\u2019Italia ci d\u00e0 l\u2019opportunit\u00e0 di valorizzare il futuro di questi giovani talenti\u00bb.<\/p>\n<p>ASCOLTA PASSERI<\/p>\n<audio class=\"wp-audio-shortcode\" id=\"audio-319322-2\" preload=\"none\" style=\"width: 100%;\" controls=\"controls\"><source type=\"audio\/mpeg\" src=\"https:\/\/www.radioluna.it\/news\/wp-content\/uploads\/2022\/10\/festival-circo-bernardino-passeri.mp3?_=2\" \/><a href=\"https:\/\/www.radioluna.it\/news\/wp-content\/uploads\/2022\/10\/festival-circo-bernardino-passeri.mp3\">https:\/\/www.radioluna.it\/news\/wp-content\/uploads\/2022\/10\/festival-circo-bernardino-passeri.mp3<\/a><\/audio>\n<p style=\"text-align: justify;\">Affetto e stima nei confronti del Festival anche nelle parole di Rino Polverino e Luca Lepori da sempre vicini al Festival. \u00abE\u2019 sempre una sfida accogliere\u00a0 tanti artisti,\u00a0 soddisfare le loro esigenze culinarie e soprattutto offrirgli qualche ora di divertimento per allentare la tensione prima della serata finale\u00bb \u2013 ha affermato Rino Polverino. \u00abNoi li accogliamo dopo il Festival, cerchiamo di farli sentire a casa,\u00a0 raccogliamo le loro preoccupazioni e gioiamo delle loro gioie\u00a0 &#8211; ha proseguito Luca Lepori \u2013 per noi, come per tutti gli imprenditori della zona, il Festival \u00e8 importante, in un periodo di bassa stagione come ottobre\u00bb.<\/p>\n<p style=\"text-align: justify;\">Prima della tradizionale parata degli artisti, ad aprire le performances, otto danzatori della prestigiosa Compagnia di Ballo del Grande Circo di Budapest diretto da Peter Fekete e, per la citt\u00e0 di Latina ci sar\u00e0 invece la Scuola di danza Modulo, di Francesca Cristofoli\u00a0 che ha realizzato in collaborazione con la scuola Isadora Centro Danza di Simona Mariotti e per la coreografia di Elisa Pasciuti una coreografia originale e creativa che aprir\u00e0 ogni kermesse. Gli spettacoli saranno presentati da Andrea Giachi ed Alessia dell\u2019Acqua \u00abpronti a ripartire, con l\u2019emozione della prima volta anche se per me questa \u00e8 la 17\u1d43 edizione \u2013 ha precisato Andrea Giachi \u2013 sono particolarmente emozionato perch\u00e9 quest\u2019anno la giuria tecnica \u00e8 particolarmente \u2018stellata\u2019 composta dai\u00a0 titolari e dai responsabili dei pi\u00f9 importanti circhi o accademie circensi, siamo un po&#8217; tutti sotto esame\u00bb. Sorridente ed in forma smagliante Alessia Dell\u2019Acqua \u00abSono felice e onorata di essere nuovamente qui, per il secondo anno consecutivo, ma soprattutto vivo dell\u2019emozione di questo grande evento, unico in Italia, orgogliosa che sia realizzato qui, nella mia citt\u00e0\u00bb. Il ringmaster Tommy Cardarelli ha aggiunto \u00ab devo ringraziare tutti i ragazzi che lavorano con me, dal primo all\u2019ultimo, la nostra \u00e8 una squadra vincente, che negli anni si \u00e8 dimostrata particolarmente affiatata e pronta a gestire le difficolt\u00e0 di un Festival Internazionale importante come quello di Latina, Ruby Merzari, Rony Vassallo, Fabrizio Montico sono\u00a0 i miei preziosissimi collaboratori, stiamo lavorando sodo affinch\u00e9 funzioni tutto per il meglio\u00bb.\u00a0 Musica dal vivo alla 23\u00aa edizione dell\u2019International Circus Festival of Italy\u00a0 con i maestri Fabiano Giovannelli batteria e direzione, Daniele Manciocchi sax, Mario Caporilli Tromba, Stefano Coccia Trombone, Massimo Ioffreda Piano e Tastiere, Lorenzo Mancini e Simone Todini Basso elettrico, Guido Naus arrangiamenti. Da non perdere gli eventi collaterali al Festival, un modo diverso di vivere il fantastico mondo dello spettacolo. Nel foyer del Pala Distretti Ecologici, per tutta la durata del festival, potr\u00e0 essere visitato lo spazio espositivo a tema circense, \u201cCircus Expo\u201d dove, fotografi, pittori, scultori, collezionisti, appassionati di modellismo ed artisti espongono le proprie opere. L\u2019esposizione sar\u00e0 sempre accessibile fino ad un\u2019ora prima dell\u2019inizio di ogni spettacolo. Torna anche il \u201cCaff\u00e8 letterario a tema circense\u201d, giunto quest\u2019anno all\u20199\u00aa edizione. Protagonisti dell\u2019incontro di venerd\u00ec 14 ottobre alle ore 18.00 nel foyer del Pala Distretti Ecologici, Laido Dittmar giocoliere Ungherese che sar\u00e0 qui al Festival e ha scritto un libro dal titolo The Art of Practice, il dott. Enzo De Amicis,\u00a0 Andrea Giachi ed Alessia Dell\u2019Acqua. l\u2019argomento trattato: la passione del circo per i \u201cnon circensi nel DNA\u201d il duro allenamento e i traumi e le difficolt\u00e0 pi\u00f9 frequenti quando ci si ammala o ci si vuole istriure da &#8220;Nomadi&#8221;. Domenica 20 Ottobre alle ore 11.00 appuntamento con la S. Messa Internazionale nella pista del Festival.. Un grande momento di festa. \u00a0La S. Messa Internazionale sar\u00e0 presieduta dai sacerdoti salesiani della Parrocchia di San Marco con Padre Bernard (Forum of Christian Organizations for the Pastoral Care of Circus and Carnival Workers), celebrer\u00e0 la S. Messa nella pista del Festival. Una particolare preghiera di ringraziamento vedr\u00e0 l\u2019esibizione di alcuni artisti del Festival. \u00a0Come sempre, la partecipazione a tutti gli eventi collaterali al Festival \u00e8 libera e gratuita. I ventiquattro numeri in programma per la cinque giorni, saranno sapientemente miscelati fra loro e daranno vita a due spettacoli diversi che riguarderanno tutte le specialit\u00e0 circensi.<\/p>\n<p>GLI APPUNTAMENTI DALLA VOCE DI DINA TOMEZZOLI<\/p>\n<audio class=\"wp-audio-shortcode\" id=\"audio-319322-3\" preload=\"none\" style=\"width: 100%;\" controls=\"controls\"><source type=\"audio\/mpeg\" src=\"https:\/\/www.radioluna.it\/news\/wp-content\/uploads\/2022\/10\/festival-circo-dina-tomezzoli.mp3?_=3\" \/><a href=\"https:\/\/www.radioluna.it\/news\/wp-content\/uploads\/2022\/10\/festival-circo-dina-tomezzoli.mp3\">https:\/\/www.radioluna.it\/news\/wp-content\/uploads\/2022\/10\/festival-circo-dina-tomezzoli.mp3<\/a><\/audio>\n<p style=\"text-align: justify;\">Si comincia gioved\u00ec secondo il seguente Calendario:<\/p>\n<p>Gioved\u00ec 13 Ottobre ore 10 Matin\u00e9e; ore 21 (spettacolo A);<br \/>\nVenerd\u00ec 14 Ottobre ore 10 Matin\u00e9e; ore 21 (spettacolo B);<br \/>\nSabato 15 Ottobre ore 16.30 (spettacolo B) e ore 21.00 (spettacolo A);<br \/>\nDomenica 16 Ottobre ore 15.30 (spettacolo A) e ore 19.00 (spettacolo B);<br \/>\nLuned\u00ec 17 Ottobre ore 20.30, Spettacolo di Gala e premiazione dei vincitori.<\/p>\n<p>Spettacoli A e B: Gli spettacoli denominati A e B, pur essendo diversi, sono di identico ed elevatissimo livello dal punto di vista artistico e corrispondono esclusivamente alla ripartizione degli artisti in gara in due gruppi.<\/p>\n<div class=\"radio-posizionamento-telefono-in-articoli-dopo-il-contenuto-articolo radio-entity-placement\" id=\"radio-1644849041\"><div id=\"radio-3919775910\"><a href=\"https:\/\/grupporedi.it\/\" aria-label=\"Redi-Qr\"><img loading=\"lazy\" decoding=\"async\" src=\"https:\/\/www.radioluna.it\/news\/wp-content\/uploads\/2026\/03\/Redi-Qr.jpg\" alt=\"\"  srcset=\"https:\/\/www.radioluna.it\/news\/wp-content\/uploads\/2026\/03\/Redi-Qr.jpg 800w, https:\/\/www.radioluna.it\/news\/wp-content\/uploads\/2026\/03\/Redi-Qr-768x639.jpg 768w\" sizes=\"(max-width: 800px) 100vw, 800px\" width=\"300\" height=\"250\"   \/><\/a><\/div><\/div>","protected":false},"excerpt":{"rendered":"<p>LATINA &#8211; \u00c8 stata presentata alla stampa nella tarda mattinata di oggi\u00a0 (luned\u00ec 10 ottobre)\u00a0 la 23\u00aa edizione dell\u2019International Circus Festival of Italy. L\u2019attesa manifestazione circense che si svolger\u00e0 da gioved\u00ec 13 a luned\u00ec 17 Ottobre a Latina promuove lo spettacolo dal vivo e l\u2019arte circense sotto ogni forma e vedr\u00e0 sfidarsi, per aggiudicarsi l\u2019ambito [&hellip;]<\/p>\n","protected":false},"author":60,"featured_media":0,"comment_status":"open","ping_status":"open","sticky":false,"template":"","format":"standard","meta":{"footnotes":""},"categories":[16,2310],"tags":[],"class_list":["post-319322","post","type-post","status-publish","format-standard","hentry","category-appuntamenti","category-audio"],"_links":{"self":[{"href":"https:\/\/www.radioluna.it\/news\/wp-json\/wp\/v2\/posts\/319322","targetHints":{"allow":["GET"]}}],"collection":[{"href":"https:\/\/www.radioluna.it\/news\/wp-json\/wp\/v2\/posts"}],"about":[{"href":"https:\/\/www.radioluna.it\/news\/wp-json\/wp\/v2\/types\/post"}],"author":[{"embeddable":true,"href":"https:\/\/www.radioluna.it\/news\/wp-json\/wp\/v2\/users\/60"}],"replies":[{"embeddable":true,"href":"https:\/\/www.radioluna.it\/news\/wp-json\/wp\/v2\/comments?post=319322"}],"version-history":[{"count":0,"href":"https:\/\/www.radioluna.it\/news\/wp-json\/wp\/v2\/posts\/319322\/revisions"}],"wp:attachment":[{"href":"https:\/\/www.radioluna.it\/news\/wp-json\/wp\/v2\/media?parent=319322"}],"wp:term":[{"taxonomy":"category","embeddable":true,"href":"https:\/\/www.radioluna.it\/news\/wp-json\/wp\/v2\/categories?post=319322"},{"taxonomy":"post_tag","embeddable":true,"href":"https:\/\/www.radioluna.it\/news\/wp-json\/wp\/v2\/tags?post=319322"}],"curies":[{"name":"wp","href":"https:\/\/api.w.org\/{rel}","templated":true}]}}