{"id":319403,"date":"2022-10-12T17:23:32","date_gmt":"2022-10-12T15:23:32","guid":{"rendered":"https:\/\/www.radioluna.it\/news\/?p=319403"},"modified":"2022-10-12T17:32:16","modified_gmt":"2022-10-12T15:32:16","slug":"trofeo-madonna-delle-grazie-la-uisp-organizza-la-36esima-edizione","status":"publish","type":"post","link":"https:\/\/www.radioluna.it\/news\/2022\/10\/trofeo-madonna-delle-grazie-la-uisp-organizza-la-36esima-edizione\/","title":{"rendered":"Trofeo Madonna delle Grazie, la Uisp organizza la 36esima edizione"},"content":{"rendered":"<div id=\"fb-root\"><\/div>\n<p style=\"text-align: justify;\"><strong>SERMONETA &#8211;<\/strong> L\u2019Asd Atletica Borgate Riunite Sermoneta, in collaborazione con il Comitato Territoriale Uisp di Latina, ha organizzato per sabato 15 ottobre la 36esima edizione del \u201cTrofeo Madonna della Vittoria \u2013 Secondo Memorial Gennaro Tedesco\u201d. Si tratta di una corsa podistica sulla distanza di dieci chilometri, consistente in due giri da cinque chilometri da compiere lungo le strade asfaltate della pianura di Sermoneta. A differenza di quanto accadeva in passato, quando si gareggiava in paese, il percorso \u00e8 del tutto pianeggiante e inizier\u00e0 alle 17 dal Centro Sportivo Comunale di via Le Prate.<br \/>\nLungo il tracciato saranno presenti due punti ristoro oltre ad un ristoro finale per tutti gli atleti partecipanti. L\u2019evento, patrocinato dal Comune di Sermoneta, nasce con un obbiettivo ben preciso, come affermato dal presidente dell\u2019Asd Aldo Vastola: \u201cIl nostro scopo consiste sempre nel promuovere e sviluppare attivit\u00e0 sportive dilettantistiche di Atletica Leggera, rivolgendo particolare attenzione ai bambini e ai ragazzi. La corsa \u00e8 in onore della Madonna della Vittoria, che secondo la leggenda nell\u2019anno 1571 apparve in visione al condottiero Onorato IV Caetani Duca di Sermoneta impegnato con le sue truppe nella battaglia contro i turchi a Lepanto e grazie alla quale torn\u00f2 vincitore nelle sue amate terre. Con particolare commozione, inoltre, dedichiamo da alcuni anni l\u2019evento al compianto Gennaro Tedesco, un nostro socio e un caro amico venuto a mancare\u201d.<\/p>\n<p style=\"text-align: justify;\">L\u2019attenzione per i pi\u00f9 piccoli \u00e8 confermata dall\u2019organizzazione di una gara parallela a quella dei podisti. E\u2019 il Memorial \u201cMarco Zaccheo\u201d, una non competitiva alla quale potranno partecipare bambini e bambine di et\u00e0 compresa tra i 5 e i 12 anni. La pista per loro, sempre all\u2019interno del campo \u201cLe Prate\u201d, sar\u00e0 lunga circa 150 metri totalmente pianeggianti, ma ci saranno anche altre prove di atletica e per tutti i partecipanti saranno garantiti fino a 150 pacchi gara. L\u2019iscrizione, gratuita, \u00e8 prevista tra le 14 e le 16 mentre lo start \u00e8 fissato alle 16.30. \u201cL\u2019anno scorso abbiamo registrato la presenza di oltre 130 bambini, una soddisfazione per una societ\u00e0 come la nostra, particolarmente sensibile di fronte alle attivit\u00e0 sportive in ambito giovanile: siamo convinti che lo sport in genere, praticato a tutte le et\u00e0, sia uno strumento di aggregazione e crescita fisica e mentale. Non a caso il nostro motto \u00e8 fare sport fa bene\u201d. Tornando ai pi\u00f9 grandi, le premiazioni riguarderanno i primi 5 e le prime 5 degli assoluti, che riceveranno un prosciutto, cos\u00ec come i primi di ogni categoria. Il pacco gara \u00e8 riservato a primi 250 iscritti, il ritrovo \u00e8 fissato al campo \u201cLe Prate\u201d alle 14.30. Per informazioni consultare il sito www.uisplatina.it, mentre per la corsa dei bambini si pu\u00f2 contattare il numero 328.8836059.<\/p>\n<div class=\"radio-posizionamento-telefono-in-articoli-dopo-il-contenuto-articolo radio-entity-placement\" id=\"radio-3992111378\"><div id=\"radio-3290176367\"><a href=\"https:\/\/grupporedi.it\/\" aria-label=\"Redi-Qr\"><img loading=\"lazy\" decoding=\"async\" src=\"https:\/\/www.radioluna.it\/news\/wp-content\/uploads\/2026\/03\/Redi-Qr.jpg\" alt=\"\"  srcset=\"https:\/\/www.radioluna.it\/news\/wp-content\/uploads\/2026\/03\/Redi-Qr.jpg 800w, https:\/\/www.radioluna.it\/news\/wp-content\/uploads\/2026\/03\/Redi-Qr-768x639.jpg 768w\" sizes=\"(max-width: 800px) 100vw, 800px\" width=\"300\" height=\"250\"   \/><\/a><\/div><\/div>","protected":false},"excerpt":{"rendered":"<p>SERMONETA &#8211; L\u2019Asd Atletica Borgate Riunite Sermoneta, in collaborazione con il Comitato Territoriale Uisp di Latina, ha organizzato per sabato 15 ottobre la 36esima edizione del \u201cTrofeo Madonna della Vittoria \u2013 Secondo Memorial Gennaro Tedesco\u201d. Si tratta di una corsa podistica sulla distanza di dieci chilometri, consistente in due giri da cinque chilometri da compiere [&hellip;]<\/p>\n","protected":false},"author":5430,"featured_media":0,"comment_status":"open","ping_status":"open","sticky":false,"template":"","format":"standard","meta":{"footnotes":""},"categories":[17],"tags":[],"class_list":["post-319403","post","type-post","status-publish","format-standard","hentry","category-sport"],"_links":{"self":[{"href":"https:\/\/www.radioluna.it\/news\/wp-json\/wp\/v2\/posts\/319403","targetHints":{"allow":["GET"]}}],"collection":[{"href":"https:\/\/www.radioluna.it\/news\/wp-json\/wp\/v2\/posts"}],"about":[{"href":"https:\/\/www.radioluna.it\/news\/wp-json\/wp\/v2\/types\/post"}],"author":[{"embeddable":true,"href":"https:\/\/www.radioluna.it\/news\/wp-json\/wp\/v2\/users\/5430"}],"replies":[{"embeddable":true,"href":"https:\/\/www.radioluna.it\/news\/wp-json\/wp\/v2\/comments?post=319403"}],"version-history":[{"count":0,"href":"https:\/\/www.radioluna.it\/news\/wp-json\/wp\/v2\/posts\/319403\/revisions"}],"wp:attachment":[{"href":"https:\/\/www.radioluna.it\/news\/wp-json\/wp\/v2\/media?parent=319403"}],"wp:term":[{"taxonomy":"category","embeddable":true,"href":"https:\/\/www.radioluna.it\/news\/wp-json\/wp\/v2\/categories?post=319403"},{"taxonomy":"post_tag","embeddable":true,"href":"https:\/\/www.radioluna.it\/news\/wp-json\/wp\/v2\/tags?post=319403"}],"curies":[{"name":"wp","href":"https:\/\/api.w.org\/{rel}","templated":true}]}}