{"id":319532,"date":"2022-10-15T07:24:01","date_gmt":"2022-10-15T05:24:01","guid":{"rendered":"https:\/\/www.radioluna.it\/news\/?p=319532"},"modified":"2022-10-19T04:58:11","modified_gmt":"2022-10-19T02:58:11","slug":"latina-crociata-firma-lappello-dei-vescovi-europei-per-la-pace-in-ucraina","status":"publish","type":"post","link":"https:\/\/www.radioluna.it\/news\/2022\/10\/latina-crociata-firma-lappello-dei-vescovi-europei-per-la-pace-in-ucraina\/","title":{"rendered":"Latina, Crociata firma l&#8217;appello dei Vescovi europei per la Pace in Ucraina"},"content":{"rendered":"<div id=\"fb-root\"><\/div>\n<p style=\"text-align: justify;\"><strong>LATINA &#8211;<\/strong> C&#8217;\u00e8 anche la firma del vescovo di Latina Mariano Crociata tra quelle dei Vescovi europei che hanno lanciato un appello per la pace contro la guerra in Ucraina dicendosi preoccupati per una possibile espansione del conflitto e per le conseguenze su tutti dell&#8217;aumento del costo della vita. I delegati delle Conferenze episcopali dell\u2019Unione Europea si sono riuniti durante l\u2019Assemblea Plenaria d&#8217;autunno e al termine della seduta hanno reso nota una lettera comune che qui riportiamo integralmente.<\/p>\n<p>&#8220;<em>Ci sentiamo colmi di profonda tristezza per le orribili sofferenze umane inflitte ai nostri fratelli e sorelle in Ucraina dalla brutale <\/em><em>aggressione militare dell\u2019autorit\u00e0 politica russa. Ricordiamo le vittime nelle nostre preghiere ed esprimiamo la nostra pi\u00f9 sincera vicinanza alle loro famiglie. Ci sentiamo <\/em><em>ugualmente vicini ai milioni di rifugiati, per lo pi\u00f9 donne e bambini, che sono stati costretti a lasciare le loro case, cos\u00ec come a tutti coloro che soffrono in Ucraina e nei <\/em><em>Paesi vicini a causa della \u201cfollia della guerra\u201d. Siamo profondamente preoccupati per le recenti azioni che accrescono il rischio di un\u2019ulteriore espansione del conflitto in <\/em><em>corso, con tutte le sue incontrollabili e disastrose conseguenze per l\u2019umanit\u00e0. La guerra in Ucraina ci riguarda direttamente anche come cittadini dell\u2019Unione <\/em><em>Europea. Il nostro pensiero va a tutti coloro che si trovano in difficolt\u00e0 socioeconomiche sempre pi\u00f9 drammatiche, a causa dell&#8217;emergenza energetica, <\/em><em>dell\u2019aumento dell\u2019inflazione e dell\u2019impennata del costo della vita. Soprattutto in momenti di crisi come questo, ci rendiamo conto ancora una volta che l\u2019Unione <\/em><em>Europea \u00e8 una realt\u00e0 preziosa, secondo la sua ispirazione originaria. Siamo grati per gli instancabili sforzi dei decisori politici europei nel mostrare solidariet\u00e0 all\u2019Ucraina <\/em><em>e nel mitigare le conseguenze della guerra per i cittadini europei, e incoraggiamo fortemente i leader a mantenere la loro unit\u00e0 e determinazione per il progetto europeo. <\/em><em>In piena comunione con i numerosi appelli lanciati da Papa Francesco e dalla Santa Sede, anche noi rivolgiamo un forte appello ai responsabili dell\u2019aggressione, affinch\u00e9 <\/em><em>sospendano immediatamente le ostilit\u00e0, e a tutte le parti affinch\u00e9 si aprano a \u2018serie proposte\u2019 per una pace giusta, in vista di una soluzione sostenibile del conflitto nel <\/em><em>pieno rispetto del diritto internazionale e dell\u2019integrit\u00e0 territoriale dell\u2019Ucraina. <\/em><\/p>\n<p>Per intercessione di Maria, Regina della Pace, preghiamo il Signore di &#8220;rischiarare quelli che stanno nelle tenebre e nell&#8217;ombra della morte e dirigere i nostri passi sulla via della pace&#8221;.<br \/>\nDICHIARAZIONE<br \/>\n14.10.2022<br \/>\nEN IT DE ES FR<br \/>\nApprovato da<br \/>\nS. Em. Card. Jean-Claude Hollerich sj, Arcivescovo di Lussemburgo, Presidente<br \/>\nS.E. Mons. Mariano Crociata, Vescovo di Latina (Italia), Primo Vicepresidente<br \/>\nS.E. Mons. Franz-Josef Overbeck, Vescovo di Essen (Germania), Vicepresidente<br \/>\nS.E. Mons. No\u00ebl Treanor, Vescovo di Down &amp; Connor (Irlanda), Vicepresidente<br \/>\nS.E. Mons. Jan Vok\u00e1l, Vescovo di Hradec Kr\u00e1lov\u00e9 (Repubblica ceca), Vicepresidente<br \/>\nS.E. Mons. Lode Aerts, Vescovo di Bruges (Belgio)<br \/>\nS.E. Mons. D. Nuno Br\u00e1s da Silva Martins, Vescovo di Funchal (Portogallo)<br \/>\nS.E. Mons. Joseph Galea-Curmi, Vescovo ausiliare di Malta<br \/>\nS.E. Mons. Antoine H\u00e9rouard, Arcivescovo di Digione (Francia)<br \/>\nS.E. Mons. Theodorus C.M. Hoogenboom, Vescovo ausiliare di Utrecht (Paesi Bassi)<br \/>\nS.E. Mons. Vjekoslav Huzjak, Vescovo di Bjelovar-Kri\u017eevci (Croazia)<br \/>\nS.E. Mons. Anton Jamnik, Vescovo ausiliare di Lubiana (Slovenia)<br \/>\nS.E. Mons. Czeslaw Kozon, Vescovo di Copenaghen (Scandinavia)<br \/>\nS.E. Mons. Andris Kravalis, Vescovo ausiliare di Riga (Lettonia)<br \/>\nS.E. Mons. Juan Antonio Mart\u00ednez Camino Vescovo ausiliare di Madrid (Spagna)<br \/>\nS.E. Mons. G\u00e1bor Mohos, Vescovo ausiliare di Esztergom-Budapest (Ungheria)<br \/>\nS.E. Mons. Rimantas Norvila, Vescovo di Vilkavi\u0161kis (Lituania)<br \/>\nS.E. Mons. Selim Sfeir, Arcivescovo maronita di Cipro<br \/>\nS.E. Mons. Janusz Bogus\u0142aw Stepnowski, Vescovo di \u0141om\u017ca (Polonia)<br \/>\nS.E. Mons. \u00c4gidius J. Zsifkovics, Vescovo di Eisenstadt (Austria)<\/p>\n<div class=\"radio-posizionamento-telefono-in-articoli-dopo-il-contenuto-articolo radio-entity-placement\" id=\"radio-207194948\"><div id=\"radio-3079502601\" style=\"width: 300px;height: 250px;\"><a href=\"https:\/\/www.icarspa.it\/auto\/usate\/latina\/\" aria-label=\"banner aprile icar new life &#8211; auto usate latina\"><img loading=\"lazy\" decoding=\"async\" src=\"https:\/\/www.radioluna.it\/news\/wp-content\/uploads\/2026\/02\/banner-aprile-icar-new-life-auto-usate-latina.gif\" alt=\"\"  width=\"300\" height=\"250\"   \/><\/a><\/div><\/div>","protected":false},"excerpt":{"rendered":"<p>LATINA &#8211; C&#8217;\u00e8 anche la firma del vescovo di Latina Mariano Crociata tra quelle dei Vescovi europei che hanno lanciato un appello per la pace contro la guerra in Ucraina dicendosi preoccupati per una possibile espansione del conflitto e per le conseguenze su tutti dell&#8217;aumento del costo della vita. I delegati delle Conferenze episcopali dell\u2019Unione [&hellip;]<\/p>\n","protected":false},"author":62,"featured_media":144635,"comment_status":"open","ping_status":"open","sticky":false,"template":"","format":"standard","meta":{"footnotes":""},"categories":[7],"tags":[],"class_list":["post-319532","post","type-post","status-publish","format-standard","has-post-thumbnail","hentry","category-cronaca"],"_links":{"self":[{"href":"https:\/\/www.radioluna.it\/news\/wp-json\/wp\/v2\/posts\/319532","targetHints":{"allow":["GET"]}}],"collection":[{"href":"https:\/\/www.radioluna.it\/news\/wp-json\/wp\/v2\/posts"}],"about":[{"href":"https:\/\/www.radioluna.it\/news\/wp-json\/wp\/v2\/types\/post"}],"author":[{"embeddable":true,"href":"https:\/\/www.radioluna.it\/news\/wp-json\/wp\/v2\/users\/62"}],"replies":[{"embeddable":true,"href":"https:\/\/www.radioluna.it\/news\/wp-json\/wp\/v2\/comments?post=319532"}],"version-history":[{"count":0,"href":"https:\/\/www.radioluna.it\/news\/wp-json\/wp\/v2\/posts\/319532\/revisions"}],"wp:featuredmedia":[{"embeddable":true,"href":"https:\/\/www.radioluna.it\/news\/wp-json\/wp\/v2\/media\/144635"}],"wp:attachment":[{"href":"https:\/\/www.radioluna.it\/news\/wp-json\/wp\/v2\/media?parent=319532"}],"wp:term":[{"taxonomy":"category","embeddable":true,"href":"https:\/\/www.radioluna.it\/news\/wp-json\/wp\/v2\/categories?post=319532"},{"taxonomy":"post_tag","embeddable":true,"href":"https:\/\/www.radioluna.it\/news\/wp-json\/wp\/v2\/tags?post=319532"}],"curies":[{"name":"wp","href":"https:\/\/api.w.org\/{rel}","templated":true}]}}