{"id":319543,"date":"2022-10-15T08:25:39","date_gmt":"2022-10-15T06:25:39","guid":{"rendered":"https:\/\/www.radioluna.it\/news\/?p=319543"},"modified":"2022-10-17T07:28:18","modified_gmt":"2022-10-17T05:28:18","slug":"brutta-femminella-ti-ammazzo-al-branco-di-terracina-contestata-laggravante-per-discriminazioni","status":"publish","type":"post","link":"https:\/\/www.radioluna.it\/news\/2022\/10\/brutta-femminella-ti-ammazzo-al-branco-di-terracina-contestata-laggravante-per-discriminazioni\/","title":{"rendered":"&#8220;Brutta femminella ti ammazzo&#8221;: al branco di Terracina contestata l&#8217;aggravante per discriminazioni"},"content":{"rendered":"<div id=\"fb-root\"><\/div>\n<p style=\"text-align: justify;\"><strong>TERRACINA &#8211; &#8220;<\/strong>Brutta femminella ti ammazzo, ti uccido&#8221;. Sono alcune delle frasi pronunciate dal branco che il 31 agosto scorso in un locale pubblico e senza che nessuno dei presenti, tranne un amico della vittima, \u00a0intervenisse,\u00a0 hanno prima insultato, poi picchiato selvaggiamente un ragazzo per il suo orientamento sessuale. Lui stava semplicemente facendo colazione. Le comunit\u00e0 di Terracina e Fondi, la citt\u00e0 in cui \u00e8 avvenuta l&#8217;aggressione in un bar sulla Pontina, e la citt\u00e0 da cui proviene il branco di violenti, si interrogano sui brutali fatti venuti alla luce grazie alle<a href=\"https:\/\/www.radioluna.it\/news\/2022\/10\/terracina-picchiano-insultano-e-minacciano-un-ragazzo-gay-arrestate-quattro-persone-di-fondi\/\"> indagini dei Carabinieri che hanno individuato i responsabili.<\/a><\/p>\n<p style=\"text-align: justify;\">Era stato il ragazzo picchiato, un trentenne di Terracina, a sporgere denuncia dopo aver riportato un trauma cranico, ferite lacero contuse alla testa e contusioni su tutto il corpo per i calci e i pugni ricevuti. Le immagini di videosorveglianza del locale hanno raccontato meglio di ogni altro quei momenti di pura follia attribuiti a tre persone con precedenti specifici per reati contro la persona e a un quarto incensurato. Sono\u00a0 Michele Ciaccia, 37 anni, Salvatore Di Manno di 31, Massimiliano Di Crocco di 25 e F.D.F. anche lui 25enne.<\/p>\n<p style=\"text-align: justify;\">\u201cEsprimo il mio plauso ai carabinieri della compagnia di Terracina per l\u2019arresto delle quattro persone che lo scorso mese di agosto hanno brutalmente aggredito un giovane all\u2019interno di un bar della citt\u00e0. Un episodio di violenza vigliacca, che ha turbato la citt\u00e0 in cui vivo e che ha i connotati dell\u2019aggressione omofoba, resa ancora pi\u00f9 odioso perch\u00e9 ha i tratti dell\u2019accanimento del branco nei confronti di un ragazzo. Ogni forma di violenza, tanto pi\u00f9 se connotata da motivi di odio sotto varie forme, va condannata e repressa attraverso un costante lavoro che, come in questo caso, le forze dell\u2019ordine compiono in maniera puntuale ed efficace\u201d, scrive in una nota l\u2019europarlamentare di Fratelli d\u2019Italia, Nicola Procaccini, ex sindaco di Terracina.<\/p>\n<p style=\"text-align: justify;\">Il giudice ha contestato ai quattro aggressori fino ad ora individuati (manca all&#8217;appello un quinto) oltre alle lesioni, l&#8217;aggravante prevista per i casi di grave discriminazione etnica, razziale e religiosa (manca infatti nel codice penale l&#8217;aggravante per discriminazioni relative all&#8217;orientamento sessuale che si voleva introdurre con il Ddl Zan).<\/p>\n","protected":false},"excerpt":{"rendered":"<p>TERRACINA &#8211; &#8220;Brutta femminella ti ammazzo, ti uccido&#8221;. Sono alcune delle frasi pronunciate dal branco che il 31 agosto scorso in un locale pubblico e senza che nessuno dei presenti, tranne un amico della vittima, \u00a0intervenisse,\u00a0 hanno prima insultato, poi picchiato selvaggiamente un ragazzo per il suo orientamento sessuale. Lui stava semplicemente facendo colazione. Le [&hellip;]<\/p>\n","protected":false},"author":62,"featured_media":264259,"comment_status":"open","ping_status":"open","sticky":false,"template":"","format":"standard","meta":{"footnotes":""},"categories":[7],"tags":[],"class_list":["post-319543","post","type-post","status-publish","format-standard","has-post-thumbnail","hentry","category-cronaca"],"_links":{"self":[{"href":"https:\/\/www.radioluna.it\/news\/wp-json\/wp\/v2\/posts\/319543","targetHints":{"allow":["GET"]}}],"collection":[{"href":"https:\/\/www.radioluna.it\/news\/wp-json\/wp\/v2\/posts"}],"about":[{"href":"https:\/\/www.radioluna.it\/news\/wp-json\/wp\/v2\/types\/post"}],"author":[{"embeddable":true,"href":"https:\/\/www.radioluna.it\/news\/wp-json\/wp\/v2\/users\/62"}],"replies":[{"embeddable":true,"href":"https:\/\/www.radioluna.it\/news\/wp-json\/wp\/v2\/comments?post=319543"}],"version-history":[{"count":0,"href":"https:\/\/www.radioluna.it\/news\/wp-json\/wp\/v2\/posts\/319543\/revisions"}],"wp:featuredmedia":[{"embeddable":true,"href":"https:\/\/www.radioluna.it\/news\/wp-json\/wp\/v2\/media\/264259"}],"wp:attachment":[{"href":"https:\/\/www.radioluna.it\/news\/wp-json\/wp\/v2\/media?parent=319543"}],"wp:term":[{"taxonomy":"category","embeddable":true,"href":"https:\/\/www.radioluna.it\/news\/wp-json\/wp\/v2\/categories?post=319543"},{"taxonomy":"post_tag","embeddable":true,"href":"https:\/\/www.radioluna.it\/news\/wp-json\/wp\/v2\/tags?post=319543"}],"curies":[{"name":"wp","href":"https:\/\/api.w.org\/{rel}","templated":true}]}}