{"id":319620,"date":"2022-10-17T08:11:23","date_gmt":"2022-10-17T06:11:23","guid":{"rendered":"https:\/\/www.radioluna.it\/news\/?p=319620"},"modified":"2022-10-19T04:57:56","modified_gmt":"2022-10-19T02:57:56","slug":"vogliono-tornare-ad-al-karama-protestano-i-rom-alla-ex-rossi-sud","status":"publish","type":"post","link":"https:\/\/www.radioluna.it\/news\/2022\/10\/vogliono-tornare-ad-al-karama-protestano-i-rom-alla-ex-rossi-sud\/","title":{"rendered":"Vogliono tornare ad Al Karama: protestano i rom alla ex Rossi Sud"},"content":{"rendered":"<div id=\"fb-root\"><\/div>\n<p style=\"text-align: justify;\"><strong>LATINA &#8211;<\/strong> Vogliono tornare ad Al Karama e ieri sono andati a Borgo Montello,\u00a0 fuori dall\u2019area dove ci sono quelle che considerano le loro case, vicine ai campi in cui lavorano stagionalmente alla raccolta dei prodotti ortofrutticoli e alle scuole frequentate dai pi\u00f9 giovani.<\/p>\n<p style=\"text-align: justify;\">Momenti di tensione ieri mattina per l\u2019iniziativa dei rom ospitati temporaneamente alla ex Rossi Sud dopo l\u2019incendio che all\u2019inizio di luglio ha reso inagibile il campo alle porte di Latina. E\u2019 intervenuta la Volante della Questura poi la polizia municipale. Il motivo del disagio \u00e8 proprio la lontananza dai luoghi di lavoro e dalle scuole e per questo il Comune ha disposto un trasporto ad hoc per consentire alla piccola comunit\u00e0 di proseguire le proprie attivit\u00e0, ma non \u00e8 bastato.<\/p>\n<p style=\"text-align: justify;\">La protesta \u00e8 rapidamente rientrata, mentre il commissario straordinario Carmine Valente ha indicato tra le priorit\u00e0 proprio i lavori ad Al Karama per i quali saranno spesi 600mila euro. Mentre la Caritas aveva fatto notare in una nota che la legge europea prevede l\u2019abolizione dei campi considerati ormai alla stregua di ghetti.<\/p>\n<div class=\"radio-posizionamento-telefono-in-articoli-dopo-il-contenuto-articolo radio-entity-placement\" id=\"radio-1509566368\"><div id=\"radio-2370074090\"><a href=\"https:\/\/www.simeoneceramiche.com\/\" aria-label=\"SIMEONE CERAMICHE GIF animata per radioluna_Tavola disegno 1 copia 2 (online-video-cutter.com)\"><img loading=\"lazy\" decoding=\"async\" src=\"https:\/\/www.radioluna.it\/news\/wp-content\/uploads\/2025\/05\/SIMEONE-CERAMICHE-GIF-animata-per-radioluna_Tavola-disegno-1-copia-2-online-video-cutter.com_.gif\" alt=\"\"  width=\"300\" height=\"250\"   \/><\/a><\/div><\/div>","protected":false},"excerpt":{"rendered":"<p>LATINA &#8211; Vogliono tornare ad Al Karama e ieri sono andati a Borgo Montello,\u00a0 fuori dall\u2019area dove ci sono quelle che considerano le loro case, vicine ai campi in cui lavorano stagionalmente alla raccolta dei prodotti ortofrutticoli e alle scuole frequentate dai pi\u00f9 giovani. Momenti di tensione ieri mattina per l\u2019iniziativa dei rom ospitati temporaneamente [&hellip;]<\/p>\n","protected":false},"author":62,"featured_media":315556,"comment_status":"open","ping_status":"open","sticky":false,"template":"","format":"standard","meta":{"footnotes":""},"categories":[7],"tags":[],"class_list":["post-319620","post","type-post","status-publish","format-standard","has-post-thumbnail","hentry","category-cronaca"],"_links":{"self":[{"href":"https:\/\/www.radioluna.it\/news\/wp-json\/wp\/v2\/posts\/319620","targetHints":{"allow":["GET"]}}],"collection":[{"href":"https:\/\/www.radioluna.it\/news\/wp-json\/wp\/v2\/posts"}],"about":[{"href":"https:\/\/www.radioluna.it\/news\/wp-json\/wp\/v2\/types\/post"}],"author":[{"embeddable":true,"href":"https:\/\/www.radioluna.it\/news\/wp-json\/wp\/v2\/users\/62"}],"replies":[{"embeddable":true,"href":"https:\/\/www.radioluna.it\/news\/wp-json\/wp\/v2\/comments?post=319620"}],"version-history":[{"count":0,"href":"https:\/\/www.radioluna.it\/news\/wp-json\/wp\/v2\/posts\/319620\/revisions"}],"wp:featuredmedia":[{"embeddable":true,"href":"https:\/\/www.radioluna.it\/news\/wp-json\/wp\/v2\/media\/315556"}],"wp:attachment":[{"href":"https:\/\/www.radioluna.it\/news\/wp-json\/wp\/v2\/media?parent=319620"}],"wp:term":[{"taxonomy":"category","embeddable":true,"href":"https:\/\/www.radioluna.it\/news\/wp-json\/wp\/v2\/categories?post=319620"},{"taxonomy":"post_tag","embeddable":true,"href":"https:\/\/www.radioluna.it\/news\/wp-json\/wp\/v2\/tags?post=319620"}],"curies":[{"name":"wp","href":"https:\/\/api.w.org\/{rel}","templated":true}]}}