{"id":319632,"date":"2022-10-17T10:24:11","date_gmt":"2022-10-17T08:24:11","guid":{"rendered":"https:\/\/www.radioluna.it\/news\/?p=319632"},"modified":"2022-10-17T10:24:11","modified_gmt":"2022-10-17T08:24:11","slug":"rifinitura-al-bartolani-per-il-latina-calcio-1932","status":"publish","type":"post","link":"https:\/\/www.radioluna.it\/news\/2022\/10\/rifinitura-al-bartolani-per-il-latina-calcio-1932\/","title":{"rendered":"Rifinitura al Bartolani per il Latina Calcio 1932"},"content":{"rendered":"<div id=\"fb-root\"><\/div>\n<p style=\"text-align: justify;\"><strong>LATINA &#8211;<\/strong> Continua senza sosta l\u2019intenso mese di ottobre per il Latina Calcio 1932. La squadra nerazzurra, dopo il pareggio contro la Virtus Francavilla di sabato, ha subito ripreso gli allenamenti in vista del match di marted\u00ec 18 ottobre allo stadio Francioni contro l\u2019AZ Picerno alle ore 18:30. Lo staff tecnico ha fissato per luned\u00ec 17 ottobre allo stadio Bartolani di Cisterna la rifinitura prima dell\u2019incontro contro la formazione rossobl\u00f9.<\/p>\n<p style=\"text-align: justify;\">Da mercoled\u00ec poi per il Latina Calcio 1932 scatta l\u2019operazione Messina. Infatti, i ragazzi allenati da Mister Daniele Di Donato avranno tre giorni per preparare la trasferta in terra siciliana di sabato 22 ottobre, anticipata alle 14:30. Lo staff tecnico ha fissato per mercoled\u00ec e venerd\u00ec due sedute mattutine, mentre gioved\u00ec andr\u00e0 in scena un allenamento pomeridiano, sempre sul terreno del Bartolani, prima della partenza per Messina.<\/p>\n<div class=\"radio-posizionamento-telefono-in-articoli-dopo-il-contenuto-articolo radio-entity-placement\" id=\"radio-3086912753\"><div id=\"radio-1805262011\"><a href=\"https:\/\/www.simeoneceramiche.com\/\" aria-label=\"SIMEONE CERAMICHE GIF animata per radioluna_Tavola disegno 1 copia 2 (online-video-cutter.com)\"><img loading=\"lazy\" decoding=\"async\" src=\"https:\/\/www.radioluna.it\/news\/wp-content\/uploads\/2025\/05\/SIMEONE-CERAMICHE-GIF-animata-per-radioluna_Tavola-disegno-1-copia-2-online-video-cutter.com_.gif\" alt=\"\"  width=\"300\" height=\"250\"   \/><\/a><\/div><\/div>","protected":false},"excerpt":{"rendered":"<p>LATINA &#8211; Continua senza sosta l\u2019intenso mese di ottobre per il Latina Calcio 1932. La squadra nerazzurra, dopo il pareggio contro la Virtus Francavilla di sabato, ha subito ripreso gli allenamenti in vista del match di marted\u00ec 18 ottobre allo stadio Francioni contro l\u2019AZ Picerno alle ore 18:30. Lo staff tecnico ha fissato per luned\u00ec [&hellip;]<\/p>\n","protected":false},"author":5430,"featured_media":319633,"comment_status":"open","ping_status":"open","sticky":false,"template":"","format":"standard","meta":{"footnotes":""},"categories":[17],"tags":[],"class_list":["post-319632","post","type-post","status-publish","format-standard","has-post-thumbnail","hentry","category-sport"],"_links":{"self":[{"href":"https:\/\/www.radioluna.it\/news\/wp-json\/wp\/v2\/posts\/319632","targetHints":{"allow":["GET"]}}],"collection":[{"href":"https:\/\/www.radioluna.it\/news\/wp-json\/wp\/v2\/posts"}],"about":[{"href":"https:\/\/www.radioluna.it\/news\/wp-json\/wp\/v2\/types\/post"}],"author":[{"embeddable":true,"href":"https:\/\/www.radioluna.it\/news\/wp-json\/wp\/v2\/users\/5430"}],"replies":[{"embeddable":true,"href":"https:\/\/www.radioluna.it\/news\/wp-json\/wp\/v2\/comments?post=319632"}],"version-history":[{"count":0,"href":"https:\/\/www.radioluna.it\/news\/wp-json\/wp\/v2\/posts\/319632\/revisions"}],"wp:featuredmedia":[{"embeddable":true,"href":"https:\/\/www.radioluna.it\/news\/wp-json\/wp\/v2\/media\/319633"}],"wp:attachment":[{"href":"https:\/\/www.radioluna.it\/news\/wp-json\/wp\/v2\/media?parent=319632"}],"wp:term":[{"taxonomy":"category","embeddable":true,"href":"https:\/\/www.radioluna.it\/news\/wp-json\/wp\/v2\/categories?post=319632"},{"taxonomy":"post_tag","embeddable":true,"href":"https:\/\/www.radioluna.it\/news\/wp-json\/wp\/v2\/tags?post=319632"}],"curies":[{"name":"wp","href":"https:\/\/api.w.org\/{rel}","templated":true}]}}