{"id":319720,"date":"2022-10-18T11:42:41","date_gmt":"2022-10-18T09:42:41","guid":{"rendered":"https:\/\/www.radioluna.it\/news\/?p=319720"},"modified":"2022-10-19T11:32:31","modified_gmt":"2022-10-19T09:32:31","slug":"la-asl-di-latina-stabilizza-84-infermieri-e-6-tecnici-radiologi-che-hanno-operato-nella-pandemia","status":"publish","type":"post","link":"https:\/\/www.radioluna.it\/news\/2022\/10\/la-asl-di-latina-stabilizza-84-infermieri-e-6-tecnici-radiologi-che-hanno-operato-nella-pandemia\/","title":{"rendered":"La Asl di Latina stabilizza 100 persone: 84 sono infermieri che hanno operato nella pandemia"},"content":{"rendered":"<div id=\"fb-root\"><\/div>\n<p style=\"text-align: justify;\"><strong>LATINA &#8211;<\/strong> La Asl di Latina avvia le stabilizzazioni: 100 unit\u00e0 di personale precario si trasformeranno infatti a tempo indeterminato.\u00a0 Si tratta in larga parte di\u00a0 infermieri professionali, in tutto 84, a cui si aggiungono\u00a0 6 tecnici di radiologia medica e altre figure che hanno lavorato nelle strutture sanitarie della provincia di Latina durante la pandemia. Lo stabilisce la delibera n. 1071 pubblicata il 14 ottobre con cui l\u2019azienda sanitaria di Latina ha indetto un avviso pubblico per la procedura di stabilizzazione \u201cnell\u2019ambito del piano di rafforzamento delle capacit\u00e0 del sistema sanitario\u201d, ma anche per \u201cvalorizzare l\u2019esperienza e la professionalit\u00e0 acquisita dal personale che ha garantito l\u2019efficacia dei percorsi di cura e di assistenza durante la fase pi\u00f9 critica dell\u2019emergenza sanitaria\u201d, come si legge in una nota.<\/p>\n<p style=\"text-align: justify;\">Sono intanto stati assunti con procedura selettiva per titoli e colloquio, cinque dirigenti medici di Neuropsichiatria Infantile e otto dirigenti medici di Psichiatria &#8220;per \u00a0incrementare l\u2019integrazione degli interventi preventivi e terapeutico \u2013 riabilitativi in materia e rendere la sanit\u00e0 territoriale sempre pi\u00f9 vicina agli attuali bisogni di salute delle persone&#8221;. Si occuperanno anche dei pazienti pi\u00f9 giovani: &#8220;tali professionisti &#8211; spiega la Asl di Latina &#8211; svolgeranno il loro operato anche nell\u2019ambito dei Servizi per la tutela della salute mentale e riabilitazione nell\u2019et\u00e0 evolutiva\u00a0 (TSMREE), occupandosi di prevenzione, diagnosi e cura dei disturbi di natura neuropsichiatrica in et\u00e0 evolutiva (nella fascia d\u2019et\u00e0 compresa tra 0 e 18 anni) e delle loro famiglie. della fascia di et\u00e0 compresa tra 0 e 18 anni e delle loro famiglie&#8221;.<\/p>\n","protected":false},"excerpt":{"rendered":"<p>LATINA &#8211; La Asl di Latina avvia le stabilizzazioni: 100 unit\u00e0 di personale precario si trasformeranno infatti a tempo indeterminato.\u00a0 Si tratta in larga parte di\u00a0 infermieri professionali, in tutto 84, a cui si aggiungono\u00a0 6 tecnici di radiologia medica e altre figure che hanno lavorato nelle strutture sanitarie della provincia di Latina durante la [&hellip;]<\/p>\n","protected":false},"author":62,"featured_media":307841,"comment_status":"open","ping_status":"open","sticky":false,"template":"","format":"standard","meta":{"footnotes":""},"categories":[7],"tags":[],"class_list":["post-319720","post","type-post","status-publish","format-standard","has-post-thumbnail","hentry","category-cronaca"],"_links":{"self":[{"href":"https:\/\/www.radioluna.it\/news\/wp-json\/wp\/v2\/posts\/319720","targetHints":{"allow":["GET"]}}],"collection":[{"href":"https:\/\/www.radioluna.it\/news\/wp-json\/wp\/v2\/posts"}],"about":[{"href":"https:\/\/www.radioluna.it\/news\/wp-json\/wp\/v2\/types\/post"}],"author":[{"embeddable":true,"href":"https:\/\/www.radioluna.it\/news\/wp-json\/wp\/v2\/users\/62"}],"replies":[{"embeddable":true,"href":"https:\/\/www.radioluna.it\/news\/wp-json\/wp\/v2\/comments?post=319720"}],"version-history":[{"count":0,"href":"https:\/\/www.radioluna.it\/news\/wp-json\/wp\/v2\/posts\/319720\/revisions"}],"wp:featuredmedia":[{"embeddable":true,"href":"https:\/\/www.radioluna.it\/news\/wp-json\/wp\/v2\/media\/307841"}],"wp:attachment":[{"href":"https:\/\/www.radioluna.it\/news\/wp-json\/wp\/v2\/media?parent=319720"}],"wp:term":[{"taxonomy":"category","embeddable":true,"href":"https:\/\/www.radioluna.it\/news\/wp-json\/wp\/v2\/categories?post=319720"},{"taxonomy":"post_tag","embeddable":true,"href":"https:\/\/www.radioluna.it\/news\/wp-json\/wp\/v2\/tags?post=319720"}],"curies":[{"name":"wp","href":"https:\/\/api.w.org\/{rel}","templated":true}]}}