{"id":319743,"date":"2022-10-19T08:06:30","date_gmt":"2022-10-19T06:06:30","guid":{"rendered":"https:\/\/www.radioluna.it\/news\/?p=319743"},"modified":"2022-10-21T17:30:11","modified_gmt":"2022-10-21T15:30:11","slug":"itri-ecco-tutti-i-lavori-necessari-a-rimuovere-il-pericolo-di-frane","status":"publish","type":"post","link":"https:\/\/www.radioluna.it\/news\/2022\/10\/itri-ecco-tutti-i-lavori-necessari-a-rimuovere-il-pericolo-di-frane\/","title":{"rendered":"Itri, ecco tutti i lavori necessari a rimuovere il pericolo di frane"},"content":{"rendered":"<div id=\"fb-root\"><\/div>\n<p style=\"text-align: justify;\"><strong>ITRI<\/strong> &#8211; Prosegue l&#8217;iter per sbloccare i lavori c necessari a superare la situazione di pericolo che incombe sul paese aurunco dopo l\u2019alluvione dello scorso anno. La sindaca facente funzioni Elena Palazzo ha incontrato ieri l\u2019Ing. Wanda D\u2019Ercole direttrice regionale lavori pubblici e difesa del sottosuolo della Regione Lazio. Obiettivo dell\u2019incontro\u00a0 &#8211; spiega la Palazzo &#8211; era la pianificazione degli interventi a breve termine che mirano a superare la situazione di pericolo venutasi a creare a seguito dell\u2019alluvione dello scorso anno. Allo stesso modo si proceder\u00e0 con il ripristino delle vie interdette.<\/p>\n<p style=\"text-align: justify;\"><strong>IL RESOCONTO<\/strong> &#8211; In una nota del Comune dopo l&#8217;incontro vengono illustrati i passaggi: &#8220;Sia a Valle Feuce che a Valle Colella si provveder\u00e0 a posizionare nell\u2019 Alveo delle barriere flessibili di contenimento del tipo \u201cdebris flow, mud flow\u201d: si tratta in effetti di barriere composte da maglie flessibili contenitive. Si provveder\u00e0 inoltre a riposizionare parte del materiale inerte attualmente presente in prossimit\u00e0 delle barriere stesse in modo da configurare un salto idraulico perseguendo la duplice finalit\u00e0 di rallentare la velocit\u00e0 di scorrimento dell&#8217;acqua e bloccare il rotolamento di massi verso Valle. In entrambe le valli ci sar\u00e0 un\u2019immediata bonifica dei tombinamenti esistenti ed individuati lungo il percorso e nuova realizzazione ove possibile degli stessi con sezione idraulica adeguata. In alcuni casi al contrario ci sar\u00e0 l\u2019eliminazione dei tombinamenti dal tratto di alveo interessato.<\/p>\n<p style=\"text-align: justify;\">A Valle Colella si partir\u00e0 inoltre che una pulizia dell&#8217;alveo dalla folta e disordinata vegetazione presente, ripristinando la sezione idraulica dello stesso per una lunghezza presumibile di 5 m con le relative sponde laterali per una larghezza di un metro per ogni lato. Un punto fondamentale sar\u00e0 il ripristino della viabilit\u00e0 su vico Campiglioni, attualmente interdetto per effetto dell&#8217;ordinanza sindacale, dove verr\u00e0 effettuato pure il rialloggiamento delle Infrastrutture dei servizi che al momento sono a vista.<\/p>\n<p style=\"text-align: justify;\">Al momento sono in corso di elaborazione progetto e computi metrici di massima preliminari e relative agli interventi previsti su entrambi i fossi. Al seguito di questi interventi, spiega con viva soddisfazione il Sindaco facente funzioni Palazzo, sar\u00e0 possibile finalmente rimettere in discussione l\u2019ordinanza che impone a pi\u00f9 di duecento persone di lasciare le proprie case ad ogni allerta arancione.<\/p>\n<p style=\"text-align: justify;\">Gli interventi saranno a carico della Regione Lazio. Molti di questi interventi sono gi\u00e0 cantierabili e potranno partire non appena si superer\u00e0 quest\u2019ultima fase progettuale. \u201cQuesto risultato &#8211; conclude la Palazzo &#8211; \u00e8 stato sin qui possibile grazie alla fattiva collaborazione di tutti gli enti interessati, a SE il Prefetto che ha favorito tale dialogo istituzionale ed alla pazienza dei cittadini che hanno subito le conseguenze del grave dissesto idrogeologico&#8221;. Allo stesso modo si proceder\u00e0 con il ripristino delle vie interdette&#8221;.<\/p>\n<p>&nbsp;<\/p>\n<div class=\"radio-posizionamento-telefono-in-articoli-dopo-il-contenuto-articolo radio-entity-placement\" id=\"radio-1283446309\"><div id=\"radio-2037764615\" style=\"width: 300px;height: 250px;\"><a href=\"https:\/\/www.icarspa.it\/auto\/usate\/latina\/\" aria-label=\"banner aprile icar new life &#8211; auto usate latina\"><img loading=\"lazy\" decoding=\"async\" src=\"https:\/\/www.radioluna.it\/news\/wp-content\/uploads\/2026\/02\/banner-aprile-icar-new-life-auto-usate-latina.gif\" alt=\"\"  width=\"300\" height=\"250\"   \/><\/a><\/div><\/div>","protected":false},"excerpt":{"rendered":"<p>ITRI &#8211; Prosegue l&#8217;iter per sbloccare i lavori c necessari a superare la situazione di pericolo che incombe sul paese aurunco dopo l\u2019alluvione dello scorso anno. La sindaca facente funzioni Elena Palazzo ha incontrato ieri l\u2019Ing. Wanda D\u2019Ercole direttrice regionale lavori pubblici e difesa del sottosuolo della Regione Lazio. Obiettivo dell\u2019incontro\u00a0 &#8211; spiega la Palazzo [&hellip;]<\/p>\n","protected":false},"author":60,"featured_media":319744,"comment_status":"open","ping_status":"open","sticky":false,"template":"","format":"standard","meta":{"footnotes":""},"categories":[7],"tags":[],"class_list":["post-319743","post","type-post","status-publish","format-standard","has-post-thumbnail","hentry","category-cronaca"],"_links":{"self":[{"href":"https:\/\/www.radioluna.it\/news\/wp-json\/wp\/v2\/posts\/319743","targetHints":{"allow":["GET"]}}],"collection":[{"href":"https:\/\/www.radioluna.it\/news\/wp-json\/wp\/v2\/posts"}],"about":[{"href":"https:\/\/www.radioluna.it\/news\/wp-json\/wp\/v2\/types\/post"}],"author":[{"embeddable":true,"href":"https:\/\/www.radioluna.it\/news\/wp-json\/wp\/v2\/users\/60"}],"replies":[{"embeddable":true,"href":"https:\/\/www.radioluna.it\/news\/wp-json\/wp\/v2\/comments?post=319743"}],"version-history":[{"count":0,"href":"https:\/\/www.radioluna.it\/news\/wp-json\/wp\/v2\/posts\/319743\/revisions"}],"wp:featuredmedia":[{"embeddable":true,"href":"https:\/\/www.radioluna.it\/news\/wp-json\/wp\/v2\/media\/319744"}],"wp:attachment":[{"href":"https:\/\/www.radioluna.it\/news\/wp-json\/wp\/v2\/media?parent=319743"}],"wp:term":[{"taxonomy":"category","embeddable":true,"href":"https:\/\/www.radioluna.it\/news\/wp-json\/wp\/v2\/categories?post=319743"},{"taxonomy":"post_tag","embeddable":true,"href":"https:\/\/www.radioluna.it\/news\/wp-json\/wp\/v2\/tags?post=319743"}],"curies":[{"name":"wp","href":"https:\/\/api.w.org\/{rel}","templated":true}]}}