{"id":319753,"date":"2022-10-19T10:23:35","date_gmt":"2022-10-19T08:23:35","guid":{"rendered":"https:\/\/www.radioluna.it\/news\/?p=319753"},"modified":"2022-10-31T10:11:07","modified_gmt":"2022-10-31T09:11:07","slug":"omizzolo-a-roccagorga-per-parlare-di-lavoro-diritti-e-lotta-per-la-liberta","status":"publish","type":"post","link":"https:\/\/www.radioluna.it\/news\/2022\/10\/omizzolo-a-roccagorga-per-parlare-di-lavoro-diritti-e-lotta-per-la-liberta\/","title":{"rendered":"Omizzolo a Roccagorga per parlare di lavoro, diritti e lotta per la libert\u00e0"},"content":{"rendered":"<div id=\"fb-root\"><\/div>\n<p style=\"text-align: justify;\"><strong>LATINA<\/strong> &#8211; <strong>Marco Omizzolo a Roccagorga<\/strong> per parlare di lavoro, diritti e della lotta per la libert\u00e0 in un incontro dal titolo &#8220;L\u2019orizzonte dell\u2019inclusione sociale, la buona occupazione e la sfida dei diritti per un nuovo modello di Paese e Comunit\u00e0&#8221;, organizzato dal <strong>PD e dai Giovani Democratici<\/strong> di Roccagorga in collaborazione con <strong>ANPI<\/strong> e l\u2019associazione di promozione sociale <strong>il Tempo nelle Mani. <\/strong><\/p>\n<p style=\"text-align: justify;\">Il sociologo e ricercatore, insignito dal Presidente della Repubblica nel 2019 Cavaliere della Repubblica, racconter\u00e0 la sua esperienza di lotta e di studio per i diritti dei lavoratori irregolari in agricoltura attraverso la presentazione dei suoi volumi: <strong>Per Motivi di Giustizia e Libere per Tutte<\/strong>. L\u2019appuntamento \u00e8 fissato per <strong>sabato 22 ottobre alle ore 17.30<\/strong> presso il teatro comunale in piazza VI Gennaio a Roccagorga.<\/p>\n<p style=\"text-align: justify;\">\u201cQuella della libert\u00e0 per molti di noi sembra ormai una battaglia gi\u00e0 vinta per altri \u00e8 un terreno tutto da conquistare. Su questa dicotomia sociale, economica, culturale fra paesi, nazioni, popoli e persone si gioca il futuro della nostra storia &#8211; commenta <strong>Francesco Scacchetti segretario del Pd di Roccagorga<\/strong> &#8211; In uno scenario sempre pi\u00f9 compresso da forze extraterritoriali sotto tutti i punti di vista appare sempre pi\u00f9 evidente che, quasi per paradosso, proprio nei piccoli territori e nelle comunit\u00e0 che li abitano insiste il potere, la tradizione e l\u2019opportunit\u00e0 di segnare una positiva controtendenza. Servono nuove consapevolezze e serve tornare ad aver il gusto di porsi al centro di grandi battaglie, con realismo, rinunciando alle vacue ed inutili certezze dell\u2019indifferenza, con slancio e impegno. Marco Omizzolo da questo punto di vista \u00e8 sia un esempio che un punto di riferimento e non \u00e8 certo un caso che \u00e8 stato insignito dal Presidente Mattarella cavaliere delle Repubblica e pi\u00f9 volte candidato al premio internazionale Unesco per le personalit\u00e0 che hanno lottato per i diritti umani e per la pace\u201d.<\/p>\n<p>&nbsp;<\/p>\n<div class=\"radio-posizionamento-telefono-in-articoli-dopo-il-contenuto-articolo radio-entity-placement\" id=\"radio-4026433540\"><div id=\"radio-3399830813\"><a href=\"https:\/\/grupporedi.it\/\" aria-label=\"Redi-Qr\"><img loading=\"lazy\" decoding=\"async\" src=\"https:\/\/www.radioluna.it\/news\/wp-content\/uploads\/2026\/03\/Redi-Qr.jpg\" alt=\"\"  srcset=\"https:\/\/www.radioluna.it\/news\/wp-content\/uploads\/2026\/03\/Redi-Qr.jpg 800w, https:\/\/www.radioluna.it\/news\/wp-content\/uploads\/2026\/03\/Redi-Qr-768x639.jpg 768w\" sizes=\"(max-width: 800px) 100vw, 800px\" width=\"300\" height=\"250\"   \/><\/a><\/div><\/div>","protected":false},"excerpt":{"rendered":"<p>LATINA &#8211; Marco Omizzolo a Roccagorga per parlare di lavoro, diritti e della lotta per la libert\u00e0 in un incontro dal titolo &#8220;L\u2019orizzonte dell\u2019inclusione sociale, la buona occupazione e la sfida dei diritti per un nuovo modello di Paese e Comunit\u00e0&#8221;, organizzato dal PD e dai Giovani Democratici di Roccagorga in collaborazione con ANPI e [&hellip;]<\/p>\n","protected":false},"author":60,"featured_media":319754,"comment_status":"open","ping_status":"open","sticky":false,"template":"","format":"standard","meta":{"footnotes":""},"categories":[16],"tags":[],"class_list":["post-319753","post","type-post","status-publish","format-standard","has-post-thumbnail","hentry","category-appuntamenti"],"_links":{"self":[{"href":"https:\/\/www.radioluna.it\/news\/wp-json\/wp\/v2\/posts\/319753","targetHints":{"allow":["GET"]}}],"collection":[{"href":"https:\/\/www.radioluna.it\/news\/wp-json\/wp\/v2\/posts"}],"about":[{"href":"https:\/\/www.radioluna.it\/news\/wp-json\/wp\/v2\/types\/post"}],"author":[{"embeddable":true,"href":"https:\/\/www.radioluna.it\/news\/wp-json\/wp\/v2\/users\/60"}],"replies":[{"embeddable":true,"href":"https:\/\/www.radioluna.it\/news\/wp-json\/wp\/v2\/comments?post=319753"}],"version-history":[{"count":0,"href":"https:\/\/www.radioluna.it\/news\/wp-json\/wp\/v2\/posts\/319753\/revisions"}],"wp:featuredmedia":[{"embeddable":true,"href":"https:\/\/www.radioluna.it\/news\/wp-json\/wp\/v2\/media\/319754"}],"wp:attachment":[{"href":"https:\/\/www.radioluna.it\/news\/wp-json\/wp\/v2\/media?parent=319753"}],"wp:term":[{"taxonomy":"category","embeddable":true,"href":"https:\/\/www.radioluna.it\/news\/wp-json\/wp\/v2\/categories?post=319753"},{"taxonomy":"post_tag","embeddable":true,"href":"https:\/\/www.radioluna.it\/news\/wp-json\/wp\/v2\/tags?post=319753"}],"curies":[{"name":"wp","href":"https:\/\/api.w.org\/{rel}","templated":true}]}}