{"id":319770,"date":"2022-10-19T11:28:40","date_gmt":"2022-10-19T09:28:40","guid":{"rendered":"https:\/\/www.radioluna.it\/news\/?p=319770"},"modified":"2022-10-21T17:29:38","modified_gmt":"2022-10-21T15:29:38","slug":"sopralluogo-allhotel-sabaudia-al-lago-il-sindaco-mosca-chiede-alla-regione-di-ribassare-il-prezzo-di-vendita","status":"publish","type":"post","link":"https:\/\/www.radioluna.it\/news\/2022\/10\/sopralluogo-allhotel-sabaudia-al-lago-il-sindaco-mosca-chiede-alla-regione-di-ribassare-il-prezzo-di-vendita\/","title":{"rendered":"Sopralluogo all\u2019Hotel Sabaudia al Lago, il sindaco Mosca chiede alla Regione Lazio di ribassare il prezzo di vendita"},"content":{"rendered":"<div id=\"fb-root\"><\/div>\n<p style=\"text-align: justify;\"><strong>SABAUDIA<\/strong> &#8211; Il sindaco di Sabaudia Alberto Mosca invoca soluzioni per l\u2019Hotel Sabaudia al Lago, l\u2019albergo di propriet\u00e0 della Regione Lazio\u00a0 in Piazza del Comune ristrutturato e poi abbandonato Dopo un sopralluogo svoltosi nei giorni scorsi e che ha mostrato lo stato in cui versa l&#8217;edificio di fondazione, ha ottenuto intanto che sar\u00e0 bonificata l\u2019area retrostante che affaccia su Piazza Santa Barbara. &#8220;Nelle prossime settimane, inizieranno i lavori di riqualificazione dell\u2019ingresso posteriore, per ridonare cos\u00ec decoro in via Cesare Battisti dove verr\u00e0, tra l\u2019altro, sistemata anche l\u2019aiuola. Finalmente un altro angolo della Citt\u00e0 sta per tornare ad essere decoroso&#8221;, si legge in una nota dell&#8217;Ente.<\/p>\n<p style=\"text-align: justify;\">Nei giorni scorsi il sindaco\u00a0 Mosca con il vice sindaco Giovanni Secci, l\u2019assessore all\u2019Urbanistica Vittorio Tomassetti e il consigliere delegato ai Lavori Pubblici Rossella Garrisi, hanno visitato la struttura e nel corso della \u00a0verifica \u00e8 emerso &#8220;che lo stato dei luoghi \u00e8 di estrema precariet\u00e0&#8221;. &#8220;Tutti gli ambienti interni &#8211; riferiscono gli amministratori pubblici &#8211; risultano gravemente ammalorati, soprattutto a causa del lungo tempo di abbandono e delle sopravvenute infiltrazioni di acqua piovana che interessano specialmente i piani alti dello stabile&#8221;.<\/p>\n<p style=\"text-align: justify;\">Il sindaco Mosca ha anche formalmente chiesto che la Regione Lazio, proprietaria dell\u2019immobile e la societ\u00e0 Invimit, incaricata della vendita, che d\u2019intesa rivedano il prezzo di vendita, 2,8 milioni di euro, che &#8220;gli operatori di mercato\u00a0 &#8211; si legge ancora nella nota &#8211; ritengono non congrua rispetto alla stima dei costi da sostenere per riqualificare l\u2019infrastruttura&#8221;.<\/p>\n<p style=\"text-align: justify;\">\u201cAuspichiamo che la possibile riduzione del prezzo dell\u2019immobile &#8211; commenta il sindaco Mosca &#8211; possa favorire le offerte da parte di investitori privati e di conseguenza, la vendita attesa ormai da anni\u201d.<\/p>\n<div class=\"radio-posizionamento-telefono-in-articoli-dopo-il-contenuto-articolo radio-entity-placement\" id=\"radio-3443670512\"><div id=\"radio-3005354441\"><a href=\"https:\/\/grupporedi.it\/\" aria-label=\"Redi-Qr\"><img loading=\"lazy\" decoding=\"async\" src=\"https:\/\/www.radioluna.it\/news\/wp-content\/uploads\/2026\/03\/Redi-Qr.jpg\" alt=\"\"  srcset=\"https:\/\/www.radioluna.it\/news\/wp-content\/uploads\/2026\/03\/Redi-Qr.jpg 800w, https:\/\/www.radioluna.it\/news\/wp-content\/uploads\/2026\/03\/Redi-Qr-768x639.jpg 768w\" sizes=\"(max-width: 800px) 100vw, 800px\" width=\"300\" height=\"250\"   \/><\/a><\/div><\/div>","protected":false},"excerpt":{"rendered":"<p>SABAUDIA &#8211; Il sindaco di Sabaudia Alberto Mosca invoca soluzioni per l\u2019Hotel Sabaudia al Lago, l\u2019albergo di propriet\u00e0 della Regione Lazio\u00a0 in Piazza del Comune ristrutturato e poi abbandonato Dopo un sopralluogo svoltosi nei giorni scorsi e che ha mostrato lo stato in cui versa l&#8217;edificio di fondazione, ha ottenuto intanto che sar\u00e0 bonificata l\u2019area [&hellip;]<\/p>\n","protected":false},"author":62,"featured_media":319779,"comment_status":"open","ping_status":"open","sticky":false,"template":"","format":"gallery","meta":{"footnotes":""},"categories":[7],"tags":[],"class_list":["post-319770","post","type-post","status-publish","format-gallery","has-post-thumbnail","hentry","category-cronaca","post_format-post-format-gallery"],"_links":{"self":[{"href":"https:\/\/www.radioluna.it\/news\/wp-json\/wp\/v2\/posts\/319770","targetHints":{"allow":["GET"]}}],"collection":[{"href":"https:\/\/www.radioluna.it\/news\/wp-json\/wp\/v2\/posts"}],"about":[{"href":"https:\/\/www.radioluna.it\/news\/wp-json\/wp\/v2\/types\/post"}],"author":[{"embeddable":true,"href":"https:\/\/www.radioluna.it\/news\/wp-json\/wp\/v2\/users\/62"}],"replies":[{"embeddable":true,"href":"https:\/\/www.radioluna.it\/news\/wp-json\/wp\/v2\/comments?post=319770"}],"version-history":[{"count":0,"href":"https:\/\/www.radioluna.it\/news\/wp-json\/wp\/v2\/posts\/319770\/revisions"}],"wp:featuredmedia":[{"embeddable":true,"href":"https:\/\/www.radioluna.it\/news\/wp-json\/wp\/v2\/media\/319779"}],"wp:attachment":[{"href":"https:\/\/www.radioluna.it\/news\/wp-json\/wp\/v2\/media?parent=319770"}],"wp:term":[{"taxonomy":"category","embeddable":true,"href":"https:\/\/www.radioluna.it\/news\/wp-json\/wp\/v2\/categories?post=319770"},{"taxonomy":"post_tag","embeddable":true,"href":"https:\/\/www.radioluna.it\/news\/wp-json\/wp\/v2\/tags?post=319770"}],"curies":[{"name":"wp","href":"https:\/\/api.w.org\/{rel}","templated":true}]}}