{"id":319796,"date":"2022-10-19T16:04:48","date_gmt":"2022-10-19T14:04:48","guid":{"rendered":"https:\/\/www.radioluna.it\/news\/?p=319796"},"modified":"2022-10-31T10:10:55","modified_gmt":"2022-10-31T09:10:55","slug":"granfondo-citta-di-latina-gara-ciclistica-amatoriale","status":"publish","type":"post","link":"https:\/\/www.radioluna.it\/news\/2022\/10\/granfondo-citta-di-latina-gara-ciclistica-amatoriale\/","title":{"rendered":"Granfondo Citt\u00e0 di Latina, gara Ciclistica Amatoriale"},"content":{"rendered":"<div id=\"fb-root\"><\/div>\n<p style=\"text-align: justify;\"><strong>LATINA &#8211;<\/strong> Torna la Granfondo Citt\u00e0 di Latina la gara Ciclistica Amatoriale organizzata dalla Asd Cyclones inserita nel Campionato Regionale Acsi Ciclismo e Circuito Pedalatium, l\u2019appuntamento \u00e8 per domenica 23 ottobre \u00a0alle prime luci dell\u2019alba in piazza del Popolo a Latina.<\/p>\n<p style=\"text-align: justify;\">La 3\u1d43 edizione della competizione Ciclistica vede come base operativa il Circolo Cittadino \u201cSante Palumbo\u201d in piazza del Popolo a Latina. Il villaggio sar\u00e0 operativo per tutte le operazioni legate alla gara a cominciare dalle ore 6.15, la partenza \u00e8 prevista per le ore 8.30. La gara prevede due circuiti un\u00a0Mediofondo\u00a0e un percorso\u00a0Cicloturistico\u00a0con difficolt\u00e0 diverse.<\/p>\n<p style=\"text-align: justify;\">Alla gara possono partecipare professionisti ed appassionati di ciclismo l\u2019et\u00e0 minima di partecipazione \u00e8 13 anni e si pu\u00f2 gareggiare in modo individuale, in squadra o in coppia. Le iscrizioni online scaricando il modulo\u00a0 sul sito\u00a0 https:\/\/www.pedalatium.com\/g-f-latina, \u00a0si chiuderanno alle ore 22.00 di gioved\u00ec 20 ottobre ma, ci si potr\u00e0 iscrivere direttamente in piazza del Popolo a Latina da sabato 22 alle ore 15.00<\/p>\n<p style=\"text-align: justify;\">La Cicloturistica si snoda in un percorso di\u00a0circa 55 km\u00a0con un\u00a0dislivello 220\u00a0mt\u00a0e, partendo da Piazza del Popolo con le sue linee architettoniche caratteristiche dell\u2019epoca fascista, si attraverseranno i borghi San Michele e Faiti incorniciati dalle avvolgenti e colorate campagne dell\u2019agro pontino, si proceder\u00e0 per Sezze Romano, primo paese dei Monti Lepini famoso per la \u201cSagra del Carciofo\u201d e terra di Ciclisti doc, come l\u2019ex campione Italiano Filippo Simeoni. La Cicloturistica proseguir\u00e0 poi \u00a0sulla via Pedemontana fino ai piedi di Sermoneta e poi verso i giardini di Ninfa fino ad arrivare a \u00a0Cisterna (Citt\u00e0 dei Butteri) dove si \u00a0ricongiunger\u00e0 con la Granfondo.<\/p>\n<p style=\"text-align: justify;\">Il\u00a0Mediofondo\u00a0si snoder\u00e0 su un percorso di circa \u00a0110 km\u00a0e avr\u00e0 una difficolt\u00e0 di\u00a0dislivello\u00a0pari a\u00a01450 mt,\u00a0i concorrenti durante la competizione saranno assistiti da diversi punti ristoro. Con partenza da Piazza del Popolo toccher\u00e0 i comuni di Latina, Sezze, Bassiano, Sermoneta, Cori, Rocca Massima e Cisterna di Latina<\/p>\n<p style=\"text-align: justify;\">La 3\u1d43 edizione della \u00a0Granfondo Citt\u00e0 di Latina\u00a0vede il patrocinio della\u00a0Regione Lazio, del\u00a0Comune\u00a0e della\u00a0Provincia di Latina\u00a0ed il sostegno del\u00a0CONI, dell\u2019Acis Ciclismo e di\u00a0Pedalatium.<\/p>\n<p style=\"text-align: justify;\">L\u2019accoglienza e la consegna dei materiali\u00a0per la gara saranno disponibili a cominciare dalle\u00a0ore 15.00\u00a0di\u00a0sabato 22 Ottobre, nell\u2019area sar\u00e0 allestito un vero e proprio villaggio con intrattenimento ed iniziative per tutti i partecipanti.<\/p>\n<p style=\"text-align: justify;\">La 3\u1d43 edizione della \u00a0Granfondo Citt\u00e0 di Latina\u00a0\u00e8 anche solidariet\u00e0, presso gli stand del villaggio sar\u00e0\u00a0 presente anche il Comitato Andos di Latina che, con le sue volontarie, promuover\u00e0 le attivit\u00e0 del mese della prevenzione dei tumori femminili dando, a tutte le partecipanti, l\u2019opportunit\u00e0 di prenotare screening oncologici gratuiti.<\/p>\n<p style=\"text-align: justify;\">Il Villaggio chiuder\u00e0 alle ore 19.30 di sabato ma sar\u00e0 operativo gi\u00e0 alle ore 6.30 di domenica per le ultime iscrizioni prima della\u00a0partenza prevista in piazza del Popolo a cominciare dalle ore 8.30.<\/p>\n<div class=\"radio-posizionamento-telefono-in-articoli-dopo-il-contenuto-articolo radio-entity-placement\" id=\"radio-2808419194\"><div id=\"radio-22096756\" style=\"width: 300px;height: 250px;\"><a href=\"https:\/\/www.icarspa.it\/auto\/usate\/latina\/\" aria-label=\"banner aprile icar new life &#8211; auto usate latina\"><img loading=\"lazy\" decoding=\"async\" src=\"https:\/\/www.radioluna.it\/news\/wp-content\/uploads\/2026\/02\/banner-aprile-icar-new-life-auto-usate-latina.gif\" alt=\"\"  width=\"300\" height=\"250\"   \/><\/a><\/div><\/div>","protected":false},"excerpt":{"rendered":"<p>LATINA &#8211; Torna la Granfondo Citt\u00e0 di Latina la gara Ciclistica Amatoriale organizzata dalla Asd Cyclones inserita nel Campionato Regionale Acsi Ciclismo e Circuito Pedalatium, l\u2019appuntamento \u00e8 per domenica 23 ottobre \u00a0alle prime luci dell\u2019alba in piazza del Popolo a Latina. La 3\u1d43 edizione della competizione Ciclistica vede come base operativa il Circolo Cittadino \u201cSante [&hellip;]<\/p>\n","protected":false},"author":5430,"featured_media":0,"comment_status":"open","ping_status":"open","sticky":false,"template":"","format":"standard","meta":{"footnotes":""},"categories":[17],"tags":[],"class_list":["post-319796","post","type-post","status-publish","format-standard","hentry","category-sport"],"_links":{"self":[{"href":"https:\/\/www.radioluna.it\/news\/wp-json\/wp\/v2\/posts\/319796","targetHints":{"allow":["GET"]}}],"collection":[{"href":"https:\/\/www.radioluna.it\/news\/wp-json\/wp\/v2\/posts"}],"about":[{"href":"https:\/\/www.radioluna.it\/news\/wp-json\/wp\/v2\/types\/post"}],"author":[{"embeddable":true,"href":"https:\/\/www.radioluna.it\/news\/wp-json\/wp\/v2\/users\/5430"}],"replies":[{"embeddable":true,"href":"https:\/\/www.radioluna.it\/news\/wp-json\/wp\/v2\/comments?post=319796"}],"version-history":[{"count":0,"href":"https:\/\/www.radioluna.it\/news\/wp-json\/wp\/v2\/posts\/319796\/revisions"}],"wp:attachment":[{"href":"https:\/\/www.radioluna.it\/news\/wp-json\/wp\/v2\/media?parent=319796"}],"wp:term":[{"taxonomy":"category","embeddable":true,"href":"https:\/\/www.radioluna.it\/news\/wp-json\/wp\/v2\/categories?post=319796"},{"taxonomy":"post_tag","embeddable":true,"href":"https:\/\/www.radioluna.it\/news\/wp-json\/wp\/v2\/tags?post=319796"}],"curies":[{"name":"wp","href":"https:\/\/api.w.org\/{rel}","templated":true}]}}