{"id":319860,"date":"2022-10-22T07:27:17","date_gmt":"2022-10-22T05:27:17","guid":{"rendered":"https:\/\/www.radioluna.it\/news\/?p=319860"},"modified":"2022-10-24T08:26:37","modified_gmt":"2022-10-24T06:26:37","slug":"mafie-nel-lazio-in-terra-pontina-relazione-forte-tra-criminalita-e-borghesia-criminale","status":"publish","type":"post","link":"https:\/\/www.radioluna.it\/news\/2022\/10\/mafie-nel-lazio-in-terra-pontina-relazione-forte-tra-criminalita-e-borghesia-criminale\/","title":{"rendered":"Mafie nel Lazio, in terra pontina &#8220;relazione forte tra criminalit\u00e0 e borghesia criminale&#8221;"},"content":{"rendered":"<div id=\"fb-root\"><\/div>\n<p style=\"text-align: justify;\"><strong>LATINA\u00a0<\/strong> &#8211; &#8220;Una relazione molto forte tra criminalit\u00e0 organizzata di stampo mafioso e\u00a0 e borghesia criminale che si muovono spesso in osmosi alimentandosi l&#8217;un l&#8217;altra&#8221;. Poche parole descrivono le novit\u00e0 che riguardano il territorio della provincia di Latina nel Rapporto \u201cMafie nel Lazio\u201d (VI e VII volume dell&#8217;indagine), resoconto documentato delle principali inchieste giudiziarie sulle organizzazioni criminali nel Lazio \u00a0relativo al periodo \u00a02020\/ primo semestre 2022. &#8220;Nelle indagini prese in esame in queste due edizioni del Rapporto emergono con maggiore chiarezza alcune caratteristiche sulla dinamicit\u00e0 delle famiglie mafiose: un\u2019evoluzione storica del modello, un salto di qualit\u00e0 nell\u2019agire delle mafie tradizionali nel Lazio che va dalla \u201ctesta di ponte\u201d, ossia dal mero investimento in attivit\u00e0 commerciali, alla delocalizzazione delle strutture criminali, fino alla stabilizzazione della cellula con l\u2019importazione nel Lazio del metodo mafioso&#8221;.<\/p>\n<p style=\"text-align: justify;\">Insieme a queste proiezioni sullo stesso territorio coesistono, inoltre, gruppi criminali autoctoni che danno vita a vere e proprie associazioni mafiose ma anche organizzazioni che, pur non rientrando nel profilo penale del 416 bis, sono egualmente pericolose perch\u00e9 accomunate dall\u2019utilizzo del metodo mafioso. L&#8217;indagine, cui ha collaborato per la prima volta la giornalista pontina, Graziella Di Mambro &#8211;\u00a0 ricorda fra l&#8217;altro le inchieste che hanno coinvolto negli ultimi anni i cosiddetti colletti bianchi: Pasquale Maietta con la bancarotta del Latina Calcio 1932 e le accuse di\u00a0 riciclaggio transnazionale, trasferimento fraudolento di valori, reati tributari e societari e corruzione, reati \u00a0aggravati dal vincolo associativo;\u00a0 Gina Cetrone, imprenditrice pontina ed ex consigliera regionale di FI (il processo \u00e8 alle battute conclusive) accusata si estorsione con l&#8217;aggravante del metodo mafioso; e Luciano Iannotta ex presidente di Confartigianato arrestato in un&#8217;inchiesta della Dda di Roma su riciclaggio, estorsione e corruzione, patrimonio da 50 milioni sequestrato, processo che non riesce a partire, ultima \u00e8 stata l&#8217;istanza alla Corte di Cassazione di legittimo sospetto.<\/p>\n<p style=\"text-align: justify;\">Il presidente del Lazio Nicola Zingaretti presentando il Rapporto ha affermato che \u201cLe mafie sono la negazione dei diritti. Opprimono, spargono paura, minano i legami \u00a0sociali, esaltano l&#8217;abuso e il privilegio, usano le armi del ricatto e della minaccia, avvelenano la vita economica e le istituzioni civili. Lottare contro la mafia non \u00e8 soltanto una stringente e, certo, doverosa esigenza morale e civile. \u00c8 anche, quindi, una necessit\u00e0 per tutti: lo \u00e8, prima ancora che per la propria sicurezza, per la propria dignit\u00e0 e per la propria effettiva libert\u00e0. Una necessit\u00e0 per la societ\u00e0, che vuole essere libera, democratica, ordinata, solidale. Per questo motivo, la lotta alle mafie riguarda tutti. Nessuno pu\u00f2 dire: non mi interessa. Nessuno pu\u00f2 pensare di chiamarsene fuori. \u00c8 un compito che riguarda ciascuno di noi: nell&#8217;agire quotidiano, nei comportamenti personali, nella percezione del bene comune, nell&#8217;etica pubblica che riusciamo ad esprimere&#8221;.<\/p>\n<p style=\"text-align: justify;\">Per Gianpiero Cioffredi, presidente dell&#8217;Osservatorio Criminalit\u00e0 della Regione Lazio &#8220;dal monitoraggio in questo Rapporto \u00a0emergono una molteplicit\u00e0 di forme criminali che ormai caratterizza il contesto criminale laziale rendendolo unico rispetto ad altre regioni considerate \u201cnon a tradizionale presenza mafiosa\u201d. Alla documentazione anche quest\u2019anno il Rapporto affianca alcuni numeri dello straordinario lavoro delle Forze di Polizia e della Direzione Distrettuale Antimafia della Procura di Roma ai quali dedichiamo la nostra pubblicazione. Nel triennio 2019-2021 gli indagati per associazione mafiosa sono stati nella nostra regione 544 persone mentre gli indagati per reati aggravati dal metodo mafioso sono stati 1992 persone e gli indagati per associazione a delinquere finalizzata al traffico di droga ben 5945. Nel Lazio solo nel 2021 sono state 3471 operazioni antidroga che colloca la nostra regione al secondo posto per operazioni mentre Roma \u00e8 al primo posto. Le operazioni Finanziarie sospette registrate da Uif Bankitalia sono passate da 14329 del 2020 a 17236 del 2021, numeri che configurano Roma come capitale del riciclaggio. Cos\u00ec come poderosa \u00e8 stata l\u2019attivit\u00e0 in questi anni di confisca e sequestri con ben 5200 immobili e 1040 aziende . Numeri che esaltano il lavoro degli investigatori cosi come caricano di responsabilit\u00e0 tutti gli attori sociali e istituzionali\u201d.<\/p>\n<p>&nbsp;<\/p>\n<div class=\"radio-posizionamento-telefono-in-articoli-dopo-il-contenuto-articolo radio-entity-placement\" id=\"radio-1624464963\"><div id=\"radio-3012677949\"><a href=\"https:\/\/grupporedi.it\/\" aria-label=\"Redi-Qr\"><img loading=\"lazy\" decoding=\"async\" src=\"https:\/\/www.radioluna.it\/news\/wp-content\/uploads\/2026\/03\/Redi-Qr.jpg\" alt=\"\"  srcset=\"https:\/\/www.radioluna.it\/news\/wp-content\/uploads\/2026\/03\/Redi-Qr.jpg 800w, https:\/\/www.radioluna.it\/news\/wp-content\/uploads\/2026\/03\/Redi-Qr-768x639.jpg 768w\" sizes=\"(max-width: 800px) 100vw, 800px\" width=\"300\" height=\"250\"   \/><\/a><\/div><\/div>","protected":false},"excerpt":{"rendered":"<p>LATINA\u00a0 &#8211; &#8220;Una relazione molto forte tra criminalit\u00e0 organizzata di stampo mafioso e\u00a0 e borghesia criminale che si muovono spesso in osmosi alimentandosi l&#8217;un l&#8217;altra&#8221;. Poche parole descrivono le novit\u00e0 che riguardano il territorio della provincia di Latina nel Rapporto \u201cMafie nel Lazio\u201d (VI e VII volume dell&#8217;indagine), resoconto documentato delle principali inchieste giudiziarie sulle [&hellip;]<\/p>\n","protected":false},"author":60,"featured_media":319900,"comment_status":"open","ping_status":"open","sticky":false,"template":"","format":"standard","meta":{"footnotes":""},"categories":[7],"tags":[],"class_list":["post-319860","post","type-post","status-publish","format-standard","has-post-thumbnail","hentry","category-cronaca"],"_links":{"self":[{"href":"https:\/\/www.radioluna.it\/news\/wp-json\/wp\/v2\/posts\/319860","targetHints":{"allow":["GET"]}}],"collection":[{"href":"https:\/\/www.radioluna.it\/news\/wp-json\/wp\/v2\/posts"}],"about":[{"href":"https:\/\/www.radioluna.it\/news\/wp-json\/wp\/v2\/types\/post"}],"author":[{"embeddable":true,"href":"https:\/\/www.radioluna.it\/news\/wp-json\/wp\/v2\/users\/60"}],"replies":[{"embeddable":true,"href":"https:\/\/www.radioluna.it\/news\/wp-json\/wp\/v2\/comments?post=319860"}],"version-history":[{"count":0,"href":"https:\/\/www.radioluna.it\/news\/wp-json\/wp\/v2\/posts\/319860\/revisions"}],"wp:featuredmedia":[{"embeddable":true,"href":"https:\/\/www.radioluna.it\/news\/wp-json\/wp\/v2\/media\/319900"}],"wp:attachment":[{"href":"https:\/\/www.radioluna.it\/news\/wp-json\/wp\/v2\/media?parent=319860"}],"wp:term":[{"taxonomy":"category","embeddable":true,"href":"https:\/\/www.radioluna.it\/news\/wp-json\/wp\/v2\/categories?post=319860"},{"taxonomy":"post_tag","embeddable":true,"href":"https:\/\/www.radioluna.it\/news\/wp-json\/wp\/v2\/tags?post=319860"}],"curies":[{"name":"wp","href":"https:\/\/api.w.org\/{rel}","templated":true}]}}