{"id":319936,"date":"2022-10-24T13:07:28","date_gmt":"2022-10-24T11:07:28","guid":{"rendered":"https:\/\/www.radioluna.it\/news\/?p=319936"},"modified":"2022-10-24T13:17:52","modified_gmt":"2022-10-24T11:17:52","slug":"covid-106-nuovi-contagi-e-nessun-decesso-il-dato-del-lunedi","status":"publish","type":"post","link":"https:\/\/www.radioluna.it\/news\/2022\/10\/covid-106-nuovi-contagi-e-nessun-decesso-il-dato-del-lunedi\/","title":{"rendered":"Covid, 106 nuovi contagi e nessun decesso. Il dato del luned\u00ec"},"content":{"rendered":"<div id=\"fb-root\"><\/div>\n<p style=\"text-align: justify;\"><strong>LATINA\u00a0<\/strong> &#8211; Sono 106 i nuovi casi di covid registrati a Latina e provincia nelle ultime 24 ore ed emersi da circa 450 tamponi, in calo come sempre il luned\u00ec. Da rilevare c&#8217;\u00e8 anche che per il secondo luned\u00ec consecutivo, il numero di nuovi casi \u00e8 in discesa rispetto ai sette giorni precedenti.<\/p>\n<p style=\"text-align: justify;\">Nel bollettino di luned\u00ec 24 ottobre non sono registrati decessi, mentre un solo paziente ha necessitato del ricovero al Goretti.<\/p>\n<p style=\"text-align: justify;\">Gli ultimi contagi emersi hanno riguardato i comuni di: Aprilia 13, Bassiano 1, Campodimele &#8211; Castelforte 3, Cisterna di Latina 4, Cori 1, Fondi 2, Formia 3, Gaeta 1, Itri &#8211; , Latina 37, Lenola 1, Maenza -,\u00a0 Minturno 2, Monte San Biagio -,\u00a0 Norma 1, Pontinia -, Ponza &#8211; , Priverno 7, Prossedi -,\u00a0 Roccagorga -, Rocca Massima 1, Roccasecca dei Volsci -,\u00a0 Sabaudia 11, San Felice Circeo -,\u00a0 Santi Cosma e Damiano 2, Sermoneta 1, Sezze 9, Sonnino 1, Sperlonga 1, Spigno Saturnia 1, Terracina 3, Ventotene &#8211; .<\/p>\n<div class=\"radio-posizionamento-telefono-in-articoli-dopo-il-contenuto-articolo radio-entity-placement\" id=\"radio-2729011719\"><div id=\"radio-3841041632\" style=\"width: 300px;height: 250px;\"><a href=\"https:\/\/www.icarspa.it\/auto\/usate\/latina\/\" aria-label=\"banner aprile icar new life &#8211; auto usate latina\"><img loading=\"lazy\" decoding=\"async\" src=\"https:\/\/www.radioluna.it\/news\/wp-content\/uploads\/2026\/02\/banner-aprile-icar-new-life-auto-usate-latina.gif\" alt=\"\"  width=\"300\" height=\"250\"   \/><\/a><\/div><\/div>","protected":false},"excerpt":{"rendered":"<p>LATINA\u00a0 &#8211; Sono 106 i nuovi casi di covid registrati a Latina e provincia nelle ultime 24 ore ed emersi da circa 450 tamponi, in calo come sempre il luned\u00ec. Da rilevare c&#8217;\u00e8 anche che per il secondo luned\u00ec consecutivo, il numero di nuovi casi \u00e8 in discesa rispetto ai sette giorni precedenti. Nel bollettino [&hellip;]<\/p>\n","protected":false},"author":60,"featured_media":312970,"comment_status":"open","ping_status":"open","sticky":false,"template":"","format":"standard","meta":{"footnotes":""},"categories":[2616],"tags":[],"class_list":["post-319936","post","type-post","status-publish","format-standard","has-post-thumbnail","hentry","category-sanita"],"_links":{"self":[{"href":"https:\/\/www.radioluna.it\/news\/wp-json\/wp\/v2\/posts\/319936","targetHints":{"allow":["GET"]}}],"collection":[{"href":"https:\/\/www.radioluna.it\/news\/wp-json\/wp\/v2\/posts"}],"about":[{"href":"https:\/\/www.radioluna.it\/news\/wp-json\/wp\/v2\/types\/post"}],"author":[{"embeddable":true,"href":"https:\/\/www.radioluna.it\/news\/wp-json\/wp\/v2\/users\/60"}],"replies":[{"embeddable":true,"href":"https:\/\/www.radioluna.it\/news\/wp-json\/wp\/v2\/comments?post=319936"}],"version-history":[{"count":0,"href":"https:\/\/www.radioluna.it\/news\/wp-json\/wp\/v2\/posts\/319936\/revisions"}],"wp:featuredmedia":[{"embeddable":true,"href":"https:\/\/www.radioluna.it\/news\/wp-json\/wp\/v2\/media\/312970"}],"wp:attachment":[{"href":"https:\/\/www.radioluna.it\/news\/wp-json\/wp\/v2\/media?parent=319936"}],"wp:term":[{"taxonomy":"category","embeddable":true,"href":"https:\/\/www.radioluna.it\/news\/wp-json\/wp\/v2\/categories?post=319936"},{"taxonomy":"post_tag","embeddable":true,"href":"https:\/\/www.radioluna.it\/news\/wp-json\/wp\/v2\/tags?post=319936"}],"curies":[{"name":"wp","href":"https:\/\/api.w.org\/{rel}","templated":true}]}}