{"id":319945,"date":"2022-10-24T12:55:06","date_gmt":"2022-10-24T10:55:06","guid":{"rendered":"https:\/\/www.radioluna.it\/news\/?p=319945"},"modified":"2022-10-25T09:21:10","modified_gmt":"2022-10-25T07:21:10","slug":"circeo-ruba-unanta-del-portone-di-san-felice-martire-arrestato-un-49enne","status":"publish","type":"post","link":"https:\/\/www.radioluna.it\/news\/2022\/10\/circeo-ruba-unanta-del-portone-di-san-felice-martire-arrestato-un-49enne\/","title":{"rendered":"Circeo, ruba un&#8217;anta del portone di San Felice Martire: arrestato un 49enne"},"content":{"rendered":"<div id=\"fb-root\"><\/div>\n<p style=\"text-align: justify;\"><strong>SAN FELICE CIRCEO<\/strong> &#8211; I carabinieri hanno rintracciato l\u2019uomo di San Felice Circeo che nei giorni scorsi ha rubato un\u2019anta del portone di ingresso della chiesa di San Felice Martire nel centro storico. Non un bene qualunque, ma classificato come \u201cculturale\u201d.<\/p>\n<p style=\"text-align: justify;\">Le indagini dei militari dopo la denuncia del parroco si erano subito concentrate su alcuni sospetti e hanno portato presto al garage di propriet\u00e0 di un 49enne dove era custodito il pezzo. Ma non \u00e8 finita qui, perch\u00e9 l\u2019uomo, vistosi scoperto, ha iniziato ad invenire contro i militari dell\u2019Arma aggredendoli anche fisicamente, e finendo per colpirne uno alla testa con un grosso masso. A quel punto \u00e8 stato immobilizzato, e si \u00e8 reso necessario l\u2019intervento di personale sanitario per calmarlo, mentre i militari sono stati medicati in ospedale.<\/p>\n<p style=\"text-align: justify;\">L\u2019autorit\u00e0 giudiziaria ha disposto gli arresti domiciliari, in attesa di rito direttissimo, fissato per questa mattina. L\u2019uomo dovr\u00e0 rispondere oltre che di resistenza e violenza a pubblico ufficiale, anche del reato di ricettazione di bene culturale ecclesiastico, recentemente introdotto nel codice penale.<\/p>\n<div class=\"radio-posizionamento-telefono-in-articoli-dopo-il-contenuto-articolo radio-entity-placement\" id=\"radio-2949684715\"><div id=\"radio-4028964899\" style=\"width: 300px;height: 250px;\"><a href=\"https:\/\/www.icarspa.it\/auto\/usate\/latina\/\" aria-label=\"banner aprile icar new life &#8211; auto usate latina\"><img loading=\"lazy\" decoding=\"async\" src=\"https:\/\/www.radioluna.it\/news\/wp-content\/uploads\/2026\/02\/banner-aprile-icar-new-life-auto-usate-latina.gif\" alt=\"\"  width=\"300\" height=\"250\"   \/><\/a><\/div><\/div>","protected":false},"excerpt":{"rendered":"<p>SAN FELICE CIRCEO &#8211; I carabinieri hanno rintracciato l\u2019uomo di San Felice Circeo che nei giorni scorsi ha rubato un\u2019anta del portone di ingresso della chiesa di San Felice Martire nel centro storico. Non un bene qualunque, ma classificato come \u201cculturale\u201d. Le indagini dei militari dopo la denuncia del parroco si erano subito concentrate su [&hellip;]<\/p>\n","protected":false},"author":62,"featured_media":319947,"comment_status":"open","ping_status":"open","sticky":false,"template":"","format":"standard","meta":{"footnotes":""},"categories":[7],"tags":[],"class_list":["post-319945","post","type-post","status-publish","format-standard","has-post-thumbnail","hentry","category-cronaca"],"_links":{"self":[{"href":"https:\/\/www.radioluna.it\/news\/wp-json\/wp\/v2\/posts\/319945","targetHints":{"allow":["GET"]}}],"collection":[{"href":"https:\/\/www.radioluna.it\/news\/wp-json\/wp\/v2\/posts"}],"about":[{"href":"https:\/\/www.radioluna.it\/news\/wp-json\/wp\/v2\/types\/post"}],"author":[{"embeddable":true,"href":"https:\/\/www.radioluna.it\/news\/wp-json\/wp\/v2\/users\/62"}],"replies":[{"embeddable":true,"href":"https:\/\/www.radioluna.it\/news\/wp-json\/wp\/v2\/comments?post=319945"}],"version-history":[{"count":0,"href":"https:\/\/www.radioluna.it\/news\/wp-json\/wp\/v2\/posts\/319945\/revisions"}],"wp:featuredmedia":[{"embeddable":true,"href":"https:\/\/www.radioluna.it\/news\/wp-json\/wp\/v2\/media\/319947"}],"wp:attachment":[{"href":"https:\/\/www.radioluna.it\/news\/wp-json\/wp\/v2\/media?parent=319945"}],"wp:term":[{"taxonomy":"category","embeddable":true,"href":"https:\/\/www.radioluna.it\/news\/wp-json\/wp\/v2\/categories?post=319945"},{"taxonomy":"post_tag","embeddable":true,"href":"https:\/\/www.radioluna.it\/news\/wp-json\/wp\/v2\/tags?post=319945"}],"curies":[{"name":"wp","href":"https:\/\/api.w.org\/{rel}","templated":true}]}}