{"id":320181,"date":"2022-10-29T10:08:34","date_gmt":"2022-10-29T08:08:34","guid":{"rendered":"https:\/\/www.radioluna.it\/news\/?p=320181"},"modified":"2022-10-29T10:08:34","modified_gmt":"2022-10-29T08:08:34","slug":"a-latina-il-primo-hub-lavoro-del-lazio","status":"publish","type":"post","link":"https:\/\/www.radioluna.it\/news\/2022\/10\/a-latina-il-primo-hub-lavoro-del-lazio\/","title":{"rendered":"A Latina il primo Hub Lavoro del Lazio"},"content":{"rendered":"<div id=\"fb-root\"><\/div>\n<p style=\"text-align: justify;\"><strong>LATINA &#8211; <\/strong>Incrementare l\u2019occupazione favorendo l\u2019incontro tra domanda e offerta di lavoro, fare formazione sugli avvisi regionali, organizzare laboratori formativi su mobilit\u00e0 transnazionale, laboratori per nuovi cittadini e quelli per nuclei familiari fragili, uno sportello lavoro e autoimprenditorialit\u00e0 e uno sportello Informa donna. E&#8217; l&#8217;obiettivo del primo Hub lavoro del Lazio, inaugurato ieri a Latina, il centro servizi dedicato a pre-orientamento, impresa e giovani in via Tiberio 32 coordinato da Fondazione Giacomo Brodolini e realizzato grazie ai fondi POR FSE 2014-2020 di Regione Lazio. Assunti sette professionisti dedicati.<\/p>\n<p style=\"text-align: justify;\">Il primo dei quattro \u201cOpen Hub\u201d del Lazio finanziati dai fondi POR FSE 2014-2020 di Regione Lazio e coordinati da Fondazione Giacomo Brodolini \u00e8 stato inaugurato in via Tiberio 32 a Latina (presso i locali di IAL &#8211; Innovazione Apprendimento Lavoro). Si tratta di un luogo di promozione e attivazione dei talenti dedicato a cultura, socialit\u00e0 e lavoro dove i cittadini possono contare sulla professionalit\u00e0 di sette tra operatori e coordinatori assunti ad hoc.<\/p>\n<p style=\"text-align: justify;\">&#8220;E\u2019 un passo molto importante che facciamo nei territori e per i territori stessi &#8211; ha detto l&#8217;assessore regionale al lavoro Claudio Di Berardino\u00a0 &#8211; Il coinvolgimento delle cittadine e dei cittadini \u00e8 fondamentale per creare situazioni di scambio virtuoso tra domanda e offerta di lavoro. Un investimento che mira a valorizzare i lavoratori, puntando anche a migliorare i processi di formazione.<br \/>\nLa sfida \u00e8 quella di innescare un processo di condivisione tra gli attori territoriali creando nuovi centri di servizi per la collettivit\u00e0, mettere in campo un luogo dove promuovere la coesione sociale, l\u2019occupabilit\u00e0, l\u2019apprendimento e la competitivit\u00e0 dei territori coinvolti favorendo la cooperazione tra cittadini, amministrazioni pubbliche, terzo settore universit\u00e0 e imprese con progetti che siano allo stesso tempo innovativi e radicati nel territorio\u201d.<\/p>\n<p style=\"text-align: justify;\">La struttura \u00e8 aperta dal luned\u00ec al venerd\u00ec dalle 09:00 alle 13:00 e dalle 14:00 alle 18:00 ed \u00e8 inserita nel contesto del quartiere di Campo Boario, una zona che sta vivendo un importante processo di riqualificazione. Al suo interno si trovano una sala formazione, una sala conferenze, uno spazio di coworking e cinque sportelli aperti a tutta la cittadinanza.<\/p>\n<p style=\"text-align: justify;\">Open Hub Lazio \u00e8 un progetto che ha l\u2019obiettivo di far incontrare la cittadinanza, le amministrazioni pubbliche, il terzo settore, le universit\u00e0, le scuole e le imprese in un\u2019ottica di scambio continuo. Finanziato da Regione Lazio (fondi POR FSE 2014-2020) e gestito dalla Fondazione Giacomo Brodolini e dai suoi partner (PTSCLAS, ENAIP Nazionale, Elite Division, Consorzio Stedi, Euroscuola Rieti, IAL Nazionale) attiver\u00e0 entro la fine del 2022 i centri anche di Rieti, Viterbo e Cassino.<\/p>\n<div class=\"radio-posizionamento-telefono-in-articoli-dopo-il-contenuto-articolo radio-entity-placement\" id=\"radio-1050116978\"><div id=\"radio-173668204\"><a href=\"https:\/\/grupporedi.it\/\" aria-label=\"Redi-Qr\"><img loading=\"lazy\" decoding=\"async\" src=\"https:\/\/www.radioluna.it\/news\/wp-content\/uploads\/2026\/03\/Redi-Qr.jpg\" alt=\"\"  srcset=\"https:\/\/www.radioluna.it\/news\/wp-content\/uploads\/2026\/03\/Redi-Qr.jpg 800w, https:\/\/www.radioluna.it\/news\/wp-content\/uploads\/2026\/03\/Redi-Qr-768x639.jpg 768w\" sizes=\"(max-width: 800px) 100vw, 800px\" width=\"300\" height=\"250\"   \/><\/a><\/div><\/div>","protected":false},"excerpt":{"rendered":"<p>LATINA &#8211; Incrementare l\u2019occupazione favorendo l\u2019incontro tra domanda e offerta di lavoro, fare formazione sugli avvisi regionali, organizzare laboratori formativi su mobilit\u00e0 transnazionale, laboratori per nuovi cittadini e quelli per nuclei familiari fragili, uno sportello lavoro e autoimprenditorialit\u00e0 e uno sportello Informa donna. E&#8217; l&#8217;obiettivo del primo Hub lavoro del Lazio, inaugurato ieri a Latina, [&hellip;]<\/p>\n","protected":false},"author":62,"featured_media":320206,"comment_status":"open","ping_status":"open","sticky":false,"template":"","format":"standard","meta":{"footnotes":""},"categories":[11],"tags":[],"class_list":["post-320181","post","type-post","status-publish","format-standard","has-post-thumbnail","hentry","category-economia"],"_links":{"self":[{"href":"https:\/\/www.radioluna.it\/news\/wp-json\/wp\/v2\/posts\/320181","targetHints":{"allow":["GET"]}}],"collection":[{"href":"https:\/\/www.radioluna.it\/news\/wp-json\/wp\/v2\/posts"}],"about":[{"href":"https:\/\/www.radioluna.it\/news\/wp-json\/wp\/v2\/types\/post"}],"author":[{"embeddable":true,"href":"https:\/\/www.radioluna.it\/news\/wp-json\/wp\/v2\/users\/62"}],"replies":[{"embeddable":true,"href":"https:\/\/www.radioluna.it\/news\/wp-json\/wp\/v2\/comments?post=320181"}],"version-history":[{"count":0,"href":"https:\/\/www.radioluna.it\/news\/wp-json\/wp\/v2\/posts\/320181\/revisions"}],"wp:featuredmedia":[{"embeddable":true,"href":"https:\/\/www.radioluna.it\/news\/wp-json\/wp\/v2\/media\/320206"}],"wp:attachment":[{"href":"https:\/\/www.radioluna.it\/news\/wp-json\/wp\/v2\/media?parent=320181"}],"wp:term":[{"taxonomy":"category","embeddable":true,"href":"https:\/\/www.radioluna.it\/news\/wp-json\/wp\/v2\/categories?post=320181"},{"taxonomy":"post_tag","embeddable":true,"href":"https:\/\/www.radioluna.it\/news\/wp-json\/wp\/v2\/tags?post=320181"}],"curies":[{"name":"wp","href":"https:\/\/api.w.org\/{rel}","templated":true}]}}