{"id":320231,"date":"2022-11-03T13:19:56","date_gmt":"2022-11-03T12:19:56","guid":{"rendered":"https:\/\/www.radioluna.it\/news\/?p=320231"},"modified":"2022-11-04T08:35:04","modified_gmt":"2022-11-04T07:35:04","slug":"sosta-a-formia-per-il-treno-della-memoria","status":"publish","type":"post","link":"https:\/\/www.radioluna.it\/news\/2022\/11\/sosta-a-formia-per-il-treno-della-memoria\/","title":{"rendered":"Sosta a Formia per il Treno della memoria"},"content":{"rendered":"<div id=\"fb-root\"><\/div>\n<p style=\"text-align: justify;\"><strong>FORMIA<\/strong> &#8211; Soster\u00e0 anche alla stazione ferroviaria di Formia-Gaeta, nella serata di gioved\u00ec 3 novembre (ore 21.30), il \u201cTreno della Memoria\u201d, accolto da autorit\u00e0 civili, militari, religiose, dalle rappresentanze delle Associazioni combattentistiche e d\u2019arma del territorio. &#8220;L\u2019iniziativa di elevato valore simbolico &#8211; spiegano dal Comune &#8211; \u00e8 nata per ricordare l\u2019anniversario dell\u2019arrivo nella stazione di Roma Termini del convoglio, che nel 1921 trasport\u00f2 la salma del \u201cMilite Ignoto\u201d, scelta da Maria Bergamas tra quelle di 11 Caduti italiani non identificati, da Aquileia a Roma, rappresenta l\u2019occasione di mantenere vivo il ricordo di tutti i Caduti che, con il loro sacrificio, hanno contribuito a costruire l\u2019unit\u00e0 nazionale e il concetto di Patria. Un viaggio di oltre 5mila chilometri distribuito in 17 tappe, che sta attraversando tutti i capoluoghi di regione e le principali citt\u00e0 italiane&#8221;.<\/p>\n<p style=\"text-align: justify;\">Il treno speciale, inaugurato lo scorso anno, sar\u00e0 proveniente dalla stazione di Napoli Centrale e proseguir\u00e0 la sua marcia per raggiungere la Capitale venerd\u00ec 4 novembre, giornata dell\u2019Unit\u00e0 Nazionale e delle Forze Armate. Il giorno successivo arriver\u00e0 a San Pietro. Il Ministero della Difesa, in collaborazione con il Gruppo Ferrovie dello Stato e il supporto di Fondazione FS e Reggimento Genio Ferrovieri, torna a celebrare questo anniversario su un nuovo itinerario.<\/p>\n<p style=\"text-align: justify;\">Il convoglio \u00e8 composto da una locomotiva a vapore Gr. 740, un bagagliaio 1926, un carro K, due carrozze \u201cCentoporte\u201d, una carrozza \u201cCentoporte a salone\u201d, un carro \u201cCarnera\u201d, una carrozza prima classe Az 10.000, una carrozza \u201cGrillo\u201d, una carrozza cuccette tipo \u201c1957 T\u201d e una locomotiva diesel; a bordo anche una mostra immersiva multimediale e commemorativa. Il Comune di Formia, che a fine maggio approv\u00f2 all\u2019unanimit\u00e0 il conferimento della cittadinanza onoraria al \u201cMilite Ignoto\u201d in occasione del centenario (1921-2021) accogliendo l\u2019invito dell\u2019ANCI, organizz\u00f2 lo scorso 18 giugno una solenne cerimonia commemorativa in onore del Milite Ignoto e di tutte le Madri dei Militi Ignoti, tesa a ricordare con espressione di sentimento e vicinanza verso coloro che hanno combattuto e difeso la Patria in un conflitto cos\u00ec sanguinoso come la Prima Guerra Mondiale<\/p>\n","protected":false},"excerpt":{"rendered":"<p>FORMIA &#8211; Soster\u00e0 anche alla stazione ferroviaria di Formia-Gaeta, nella serata di gioved\u00ec 3 novembre (ore 21.30), il \u201cTreno della Memoria\u201d, accolto da autorit\u00e0 civili, militari, religiose, dalle rappresentanze delle Associazioni combattentistiche e d\u2019arma del territorio. &#8220;L\u2019iniziativa di elevato valore simbolico &#8211; spiegano dal Comune &#8211; \u00e8 nata per ricordare l\u2019anniversario dell\u2019arrivo nella stazione di [&hellip;]<\/p>\n","protected":false},"author":60,"featured_media":320232,"comment_status":"open","ping_status":"open","sticky":false,"template":"","format":"standard","meta":{"footnotes":""},"categories":[735],"tags":[],"class_list":["post-320231","post","type-post","status-publish","format-standard","has-post-thumbnail","hentry","category-attualita"],"_links":{"self":[{"href":"https:\/\/www.radioluna.it\/news\/wp-json\/wp\/v2\/posts\/320231","targetHints":{"allow":["GET"]}}],"collection":[{"href":"https:\/\/www.radioluna.it\/news\/wp-json\/wp\/v2\/posts"}],"about":[{"href":"https:\/\/www.radioluna.it\/news\/wp-json\/wp\/v2\/types\/post"}],"author":[{"embeddable":true,"href":"https:\/\/www.radioluna.it\/news\/wp-json\/wp\/v2\/users\/60"}],"replies":[{"embeddable":true,"href":"https:\/\/www.radioluna.it\/news\/wp-json\/wp\/v2\/comments?post=320231"}],"version-history":[{"count":0,"href":"https:\/\/www.radioluna.it\/news\/wp-json\/wp\/v2\/posts\/320231\/revisions"}],"wp:featuredmedia":[{"embeddable":true,"href":"https:\/\/www.radioluna.it\/news\/wp-json\/wp\/v2\/media\/320232"}],"wp:attachment":[{"href":"https:\/\/www.radioluna.it\/news\/wp-json\/wp\/v2\/media?parent=320231"}],"wp:term":[{"taxonomy":"category","embeddable":true,"href":"https:\/\/www.radioluna.it\/news\/wp-json\/wp\/v2\/categories?post=320231"},{"taxonomy":"post_tag","embeddable":true,"href":"https:\/\/www.radioluna.it\/news\/wp-json\/wp\/v2\/tags?post=320231"}],"curies":[{"name":"wp","href":"https:\/\/api.w.org\/{rel}","templated":true}]}}