{"id":320371,"date":"2022-11-02T09:28:31","date_gmt":"2022-11-02T08:28:31","guid":{"rendered":"https:\/\/www.radioluna.it\/news\/?p=320371"},"modified":"2022-11-02T10:10:02","modified_gmt":"2022-11-02T09:10:02","slug":"oncologia-al-dono-svizzero-in-congedo-la-primaria-cardillo-arriva-il-prof-rossi","status":"publish","type":"post","link":"https:\/\/www.radioluna.it\/news\/2022\/11\/oncologia-al-dono-svizzero-in-congedo-la-primaria-cardillo-arriva-il-prof-rossi\/","title":{"rendered":"Oncologia al Dono Svizzero, in congedo la primaria Cardillo, arriva il prof Rossi"},"content":{"rendered":"<div id=\"fb-root\"><\/div>\n<p style=\"text-align: justify;\"><strong>FORMIA<\/strong> &#8211; Cambio della guardia alla guida della Uosd di Oncologia del Dono Svizzero andata in congedo per raggiunti limiti di et\u00e0 la dottoressa Francesca Cardillo, arriva il professor Rossi.<\/p>\n<p style=\"text-align: justify;\">A darne notizia,\u00a0 anche per ringraziarla dell&#8217;impegno, \u00e8 il responsabile della Delegazione Sud Pontino-Gaeta della LILT: \u201cLa dottoressa Cardillo\u00a0 &#8211; scrive in una nota Rosario Cienzo &#8211;\u00a0 \u00e8 stata un faro, un vero e proprio efficace punto di riferimento per l\u2019oncologia del sud della provincia di Latina, essendo stata per anni in servizio prima quale dirigente presso il presidio ospedaliero \u201cDi Liegro\u201d di Gaeta, poi del servizio di oncologia di Formia e del \u201cFiorini\u201d di Terracina. E lo dico con affetto e profonda gratitudine, la dottoressa \u00e8 stata e continuer\u00e0 ad essere una roccaforte per noi della Lilt di Latina&#8221;. La dottoressa Cardillo ha infatti guidato anche la Consulta Femminile della Lilt.<\/p>\n<p style=\"text-align: justify;\">Da oggi (mercoled\u00ec 2 novembre) il nuovo responsabile del servizio di oncologia del Dono Svizzero di Formia sar\u00e0 il dottor Luigi Rossi, dirigente medico Oncologia Universit\u00e0 Sapienza di Aprilia\u2013Polo Pontino della ASL di Latina. \u201cQuale Delegazione Lilt del sud pontino, &#8211; aggiunge Cienzo &#8211; al dottor Rossi che ha ottimamente lavorato ad Aprilia formuliamo gli auguri per questo nuovo impegno professionale nel nostro comprensorio nella certezza di poter avviare una proficua collaborazione\u201d.<img loading=\"lazy\" decoding=\"async\" class=\" wp-image-320384 alignright\" src=\"https:\/\/www.radioluna.it\/news\/wp-content\/uploads\/2022\/11\/luigi-rossi-002.jpg\" alt=\"\" width=\"315\" height=\"229\" srcset=\"https:\/\/www.radioluna.it\/news\/wp-content\/uploads\/2022\/11\/luigi-rossi-002.jpg 871w, https:\/\/www.radioluna.it\/news\/wp-content\/uploads\/2022\/11\/luigi-rossi-002-768x559.jpg 768w\" sizes=\"auto, (max-width: 315px) 100vw, 315px\" \/><\/p>\n","protected":false},"excerpt":{"rendered":"<p>FORMIA &#8211; Cambio della guardia alla guida della Uosd di Oncologia del Dono Svizzero andata in congedo per raggiunti limiti di et\u00e0 la dottoressa Francesca Cardillo, arriva il professor Rossi. A darne notizia,\u00a0 anche per ringraziarla dell&#8217;impegno, \u00e8 il responsabile della Delegazione Sud Pontino-Gaeta della LILT: \u201cLa dottoressa Cardillo\u00a0 &#8211; scrive in una nota Rosario [&hellip;]<\/p>\n","protected":false},"author":62,"featured_media":320380,"comment_status":"open","ping_status":"open","sticky":false,"template":"","format":"standard","meta":{"footnotes":""},"categories":[735],"tags":[],"class_list":["post-320371","post","type-post","status-publish","format-standard","has-post-thumbnail","hentry","category-attualita"],"_links":{"self":[{"href":"https:\/\/www.radioluna.it\/news\/wp-json\/wp\/v2\/posts\/320371","targetHints":{"allow":["GET"]}}],"collection":[{"href":"https:\/\/www.radioluna.it\/news\/wp-json\/wp\/v2\/posts"}],"about":[{"href":"https:\/\/www.radioluna.it\/news\/wp-json\/wp\/v2\/types\/post"}],"author":[{"embeddable":true,"href":"https:\/\/www.radioluna.it\/news\/wp-json\/wp\/v2\/users\/62"}],"replies":[{"embeddable":true,"href":"https:\/\/www.radioluna.it\/news\/wp-json\/wp\/v2\/comments?post=320371"}],"version-history":[{"count":0,"href":"https:\/\/www.radioluna.it\/news\/wp-json\/wp\/v2\/posts\/320371\/revisions"}],"wp:featuredmedia":[{"embeddable":true,"href":"https:\/\/www.radioluna.it\/news\/wp-json\/wp\/v2\/media\/320380"}],"wp:attachment":[{"href":"https:\/\/www.radioluna.it\/news\/wp-json\/wp\/v2\/media?parent=320371"}],"wp:term":[{"taxonomy":"category","embeddable":true,"href":"https:\/\/www.radioluna.it\/news\/wp-json\/wp\/v2\/categories?post=320371"},{"taxonomy":"post_tag","embeddable":true,"href":"https:\/\/www.radioluna.it\/news\/wp-json\/wp\/v2\/tags?post=320371"}],"curies":[{"name":"wp","href":"https:\/\/api.w.org\/{rel}","templated":true}]}}