{"id":320491,"date":"2022-11-03T19:27:56","date_gmt":"2022-11-03T18:27:56","guid":{"rendered":"https:\/\/www.radioluna.it\/news\/?p=320491"},"modified":"2022-11-05T10:40:58","modified_gmt":"2022-11-05T09:40:58","slug":"latina-e-in-partenza-il-questore-spina-arriva-raffele-gargiulo","status":"publish","type":"post","link":"https:\/\/www.radioluna.it\/news\/2022\/11\/latina-e-in-partenza-il-questore-spina-arriva-raffele-gargiulo\/","title":{"rendered":"Latina, \u00e8 in partenza il Questore Spina, arriva Raffele Gargiulo"},"content":{"rendered":"<div id=\"fb-root\"><\/div>\n<p style=\"text-align: justify;\"><strong>LATINA<\/strong> &#8211; Cambio al vertice della Questura di Latina. E\u2019 in partenza per Cosenza il questore Michele Maria Spina che ha diretto gli uffici di Corso della Repubblica dall\u20198 gennaio 2020. Al suo posto arriver\u00e0 da Vibo Valentia Raffaele Gargiulo, 58 anni, \u00a0come Spina di origini partenopee, e al suo secondo incarico da Questore. Il passaggio di testimone avverr\u00e0 dunque sulla rotta Lazio-Calabria.<\/p>\n<p style=\"text-align: justify;\">\u201cQuello che posso tracciare al termine di questa esperienza a Latina, \u00e8 un bilancio tutto in positivo&#8221;, ha anticipato Spina in vista del saluto ufficiale che si terr\u00e0 luned\u00ec quando saluter\u00e0 le altre autorit\u00e0, i dirigenti e il personale della polizia di Stato e i rappresentanti dei media.<\/p>\n","protected":false},"excerpt":{"rendered":"<p>LATINA &#8211; Cambio al vertice della Questura di Latina. E\u2019 in partenza per Cosenza il questore Michele Maria Spina che ha diretto gli uffici di Corso della Repubblica dall\u20198 gennaio 2020. Al suo posto arriver\u00e0 da Vibo Valentia Raffaele Gargiulo, 58 anni, \u00a0come Spina di origini partenopee, e al suo secondo incarico da Questore. Il [&hellip;]<\/p>\n","protected":false},"author":62,"featured_media":314588,"comment_status":"open","ping_status":"open","sticky":false,"template":"","format":"standard","meta":{"footnotes":""},"categories":[7],"tags":[],"class_list":["post-320491","post","type-post","status-publish","format-standard","has-post-thumbnail","hentry","category-cronaca"],"_links":{"self":[{"href":"https:\/\/www.radioluna.it\/news\/wp-json\/wp\/v2\/posts\/320491","targetHints":{"allow":["GET"]}}],"collection":[{"href":"https:\/\/www.radioluna.it\/news\/wp-json\/wp\/v2\/posts"}],"about":[{"href":"https:\/\/www.radioluna.it\/news\/wp-json\/wp\/v2\/types\/post"}],"author":[{"embeddable":true,"href":"https:\/\/www.radioluna.it\/news\/wp-json\/wp\/v2\/users\/62"}],"replies":[{"embeddable":true,"href":"https:\/\/www.radioluna.it\/news\/wp-json\/wp\/v2\/comments?post=320491"}],"version-history":[{"count":0,"href":"https:\/\/www.radioluna.it\/news\/wp-json\/wp\/v2\/posts\/320491\/revisions"}],"wp:featuredmedia":[{"embeddable":true,"href":"https:\/\/www.radioluna.it\/news\/wp-json\/wp\/v2\/media\/314588"}],"wp:attachment":[{"href":"https:\/\/www.radioluna.it\/news\/wp-json\/wp\/v2\/media?parent=320491"}],"wp:term":[{"taxonomy":"category","embeddable":true,"href":"https:\/\/www.radioluna.it\/news\/wp-json\/wp\/v2\/categories?post=320491"},{"taxonomy":"post_tag","embeddable":true,"href":"https:\/\/www.radioluna.it\/news\/wp-json\/wp\/v2\/tags?post=320491"}],"curies":[{"name":"wp","href":"https:\/\/api.w.org\/{rel}","templated":true}]}}