{"id":320526,"date":"2022-11-04T11:23:42","date_gmt":"2022-11-04T10:23:42","guid":{"rendered":"https:\/\/www.radioluna.it\/news\/?p=320526"},"modified":"2022-11-04T11:23:42","modified_gmt":"2022-11-04T10:23:42","slug":"crisi-il-presidente-di-horeca-di-cocco-consegna-dossier-a-senatori-e-deputati-di-fdi","status":"publish","type":"post","link":"https:\/\/www.radioluna.it\/news\/2022\/11\/crisi-il-presidente-di-horeca-di-cocco-consegna-dossier-a-senatori-e-deputati-di-fdi\/","title":{"rendered":"Crisi, il presidente di Horeca Di Cocco consegna dossier a senatori e deputati di FdI"},"content":{"rendered":"<div id=\"fb-root\"><\/div>\n<p style=\"text-align: justify;\"><strong>LATINA &#8211;\u00a0 <\/strong>Il presidente dell\u2019Assimprese Horeca Lazio Sud, Italo Di Cocco, consegner\u00e0 domani mattina 5 novembre un dossier sullo stato del settore a senatori e deputati di Fratelli d\u2019Italia riuniti presso il circolo cittadino di Latina. La richiesta \u00e8 quella di un impegno da parte dei rappresentanti del territorio per dare risposte<br \/>\nconcrete e celeri ai tanti nodi irrisolti che attanagliano le imprese del settore della ristorazione, dei pubblici esercizi e degli hotel.<br \/>\n\u201cL\u2019associazione che presiedo, Assimprese Horeca Lazio sud, \u00a0raggruppa hotel, ristoranti, caff\u00e8, hotellerie ed \u00e8 nata con lo scopo di offrire agli associati la possibilit\u00e0 di condividere informazioni e progetti per avere scontistiche dai fornitori \u2013 sottolinea Italo Di Cocco &#8211; Un obiettivo che passo dopo passo stiamo rendendo reale, offrendo a ogni associato la possibilit\u00e0 di mettersi in tasca anche un solo euro in pi\u00f9 rispetto agli anni precedenti. La pandemia ha messo in ginocchio centinaia di attivit\u00e0 di pubblico esercizio, ristoranti, pizzerie, pub, alberghi. Poi, quando sembrava all\u2019orizzonte la possibilit\u00e0 di una ripresa, ecco arrivare la guerra e le sue conseguenze economiche, che non sono solo le bollette alle stelle ma tutta una serie di rincari che ha colpito ogni settore del nostro comparto. Approvvigionamenti, servizi verso terzi, canoni di locazione, tariffe comunali e regionali, bollette elettriche, idriche e energetiche. Una situazione complessa a cui \u00e8 necessario dare una risposta. Siamo giunti ad una situazione in cui \u00e8 necessario che le istituzioni sostengano concretamente il nostro settore. Perch\u00e9 il rischio che in tanti non ce la facciano ad andare<br \/>\navanti \u00e8 concreto. Alle amministrazioni locali chiediamo di prevedere agevolazioni sulla Tari l&#8217;annullamento delle tasse sul suolo pubblico e al Governo nazionale un impegno, perlomeno, per la dilazione dei pagamenti. Dopo 35 anni in FipeConfcommercio posso dire che una situazione simile l\u2019ho vista raramente. Bisogna fare presto\u201d.<br \/>\nMa non solo di problemi vuole interessare i parlamentari pontini, il presidente Di Cocco. \u201cPresenter\u00f2 ai parlamentari il nostro progetto promosso all\u2019interno dell\u2019Associazione formata da madri e padri di famiglia che sono sempre pi\u00f9 preoccupati di assistere a continue stragi del sabato sera, dovute all\u2019uso incontrollato<br \/>\ndi alcol. L\u2019 iniziativa che abbiamo chiamato \u201cMODA LATINA\u201d, consiste in una serie di Cocktail analcolici, di alta qualit\u00e0, originali\u00a0 e risultati i vincitori del Concorso AlcolFree , tenutosi qualche mese fa, che i vari esercenti, tra cui titolari di pub e discoteche, potranno inserire nei propri men\u00f9. Vorremmo creare delle vetrofanie da esporre negli esercizi commerciali e chiederemo ai parlamentari un incontro per illustrare il nostro progetto e ricevere, magari, il loro sostegno all\u2019iniziativa\u201d.<\/p>\n<div class=\"radio-posizionamento-telefono-in-articoli-dopo-il-contenuto-articolo radio-entity-placement\" id=\"radio-3538069322\"><div id=\"radio-2788760684\"><a href=\"https:\/\/www.simeoneceramiche.com\/\" aria-label=\"SIMEONE CERAMICHE GIF animata per radioluna_Tavola disegno 1 copia 2 (online-video-cutter.com)\"><img loading=\"lazy\" decoding=\"async\" src=\"https:\/\/www.radioluna.it\/news\/wp-content\/uploads\/2025\/05\/SIMEONE-CERAMICHE-GIF-animata-per-radioluna_Tavola-disegno-1-copia-2-online-video-cutter.com_.gif\" alt=\"\"  width=\"300\" height=\"250\"   \/><\/a><\/div><\/div>","protected":false},"excerpt":{"rendered":"<p>LATINA &#8211;\u00a0 Il presidente dell\u2019Assimprese Horeca Lazio Sud, Italo Di Cocco, consegner\u00e0 domani mattina 5 novembre un dossier sullo stato del settore a senatori e deputati di Fratelli d\u2019Italia riuniti presso il circolo cittadino di Latina. La richiesta \u00e8 quella di un impegno da parte dei rappresentanti del territorio per dare risposte concrete e celeri [&hellip;]<\/p>\n","protected":false},"author":60,"featured_media":262165,"comment_status":"open","ping_status":"open","sticky":false,"template":"","format":"standard","meta":{"footnotes":""},"categories":[11],"tags":[],"class_list":["post-320526","post","type-post","status-publish","format-standard","has-post-thumbnail","hentry","category-economia"],"_links":{"self":[{"href":"https:\/\/www.radioluna.it\/news\/wp-json\/wp\/v2\/posts\/320526","targetHints":{"allow":["GET"]}}],"collection":[{"href":"https:\/\/www.radioluna.it\/news\/wp-json\/wp\/v2\/posts"}],"about":[{"href":"https:\/\/www.radioluna.it\/news\/wp-json\/wp\/v2\/types\/post"}],"author":[{"embeddable":true,"href":"https:\/\/www.radioluna.it\/news\/wp-json\/wp\/v2\/users\/60"}],"replies":[{"embeddable":true,"href":"https:\/\/www.radioluna.it\/news\/wp-json\/wp\/v2\/comments?post=320526"}],"version-history":[{"count":0,"href":"https:\/\/www.radioluna.it\/news\/wp-json\/wp\/v2\/posts\/320526\/revisions"}],"wp:featuredmedia":[{"embeddable":true,"href":"https:\/\/www.radioluna.it\/news\/wp-json\/wp\/v2\/media\/262165"}],"wp:attachment":[{"href":"https:\/\/www.radioluna.it\/news\/wp-json\/wp\/v2\/media?parent=320526"}],"wp:term":[{"taxonomy":"category","embeddable":true,"href":"https:\/\/www.radioluna.it\/news\/wp-json\/wp\/v2\/categories?post=320526"},{"taxonomy":"post_tag","embeddable":true,"href":"https:\/\/www.radioluna.it\/news\/wp-json\/wp\/v2\/tags?post=320526"}],"curies":[{"name":"wp","href":"https:\/\/api.w.org\/{rel}","templated":true}]}}