{"id":320617,"date":"2022-11-05T18:19:04","date_gmt":"2022-11-05T17:19:04","guid":{"rendered":"https:\/\/www.radioluna.it\/news\/?p=320617"},"modified":"2022-11-05T18:19:04","modified_gmt":"2022-11-05T17:19:04","slug":"orizzonte-futuro-fratelli-ditalia-saremo-centrali-per-lo-sviluppo-della-provincia","status":"publish","type":"post","link":"https:\/\/www.radioluna.it\/news\/2022\/11\/orizzonte-futuro-fratelli-ditalia-saremo-centrali-per-lo-sviluppo-della-provincia\/","title":{"rendered":"Orizzonte futuro, Fratelli d\u2019Italia: \u201cSaremo centrali per lo sviluppo della Provincia\u201d"},"content":{"rendered":"<div id=\"fb-root\"><\/div>\n<p style=\"text-align: justify;\"><strong>LATINA &#8211;<\/strong> Si \u00e8 tenuto questa mattina al Circolo Cittadino di Latina un incontro pubblico di Fratelli d\u2019Italia dal titolo \u201cOrizzonte Futuro \u2013 Le nuove sfide\u201d. All\u2019appuntamento erano presenti il senatore Nicola Calandrini, coordinatore provinciale del partito, l\u2019onorevole Paolo Trancassini, coordinatore regionale, la deputata Chiara Colosimo, l\u2019eurodeputato Nicola Procaccini e il viceportavoce regionale Enrico Tiero.<br \/>\nSi \u00e8 trattato del primo incontro pubblico dopo la vittoria alle elezioni politiche del 25 settembre, ed \u00e8 servito per fare il punto non solo sul governo di Giorgia Meloni ma anche sugli appuntamenti che interesseranno pi\u00f9 da vicino il territorio: le elezioni regionali e le elezioni amministrative.<br \/>\n\u201c\u00c8 un sogno che si \u00e8 avverato \u2013 ha esordito il senatore Nicola Calandrini &#8211; Nel 2012, quando Giorgia Meloni, Ignazio La Russa e Guido Crosetto fondarono Fratelli d\u2019Italia, tanti di noi si candidarono e non furono neppure eletti. Oggi i fondatori ricoprono le cariche di Presidente del Consiglio, Presidente del Senato e Ministro della Difesa. Siamo arrivati a tutto questo perch\u00e9 abbiamo ribaltato la negazione della politica del Movimento 5 Stelle, e mentre altri parlavano di democrazia online, noi nel frattempo ci strutturavamo, aprivamo sedi, facevamo gazebo, sottoscrivevamo adesioni per avere un confronto diretto con il territorio. Adesso ci attende la sfida della Regione, che \u00e8 fondamentale. Ce la dobbiamo riprendere dopo anni di disastri di Zingaretti nel campo dei rifiuti, delle infrastrutture e della sanit\u00e0. Partiremo dalla lista, candidando i pi\u00f9 forti con il consenso sul territorio. Le donne non saranno quote rosa ma faranno una competizione vera e non staranno un passo indietro agli uomini. Abbiamo delle sfide anche sulle amministrative, nei tre comuni pi\u00f9 grandi della Provincia, Latina, Aprilia e Terracina ma anche in comuni pi\u00f9 piccoli come Bassiano, Campodimele, Lenola, Roccagorga e Sonnino. Noi siamo pronti. Abbiamo un consenso e una classe dirigente per rivendicare la guida delle citt\u00e0 che vanno al voto. FdI sar\u00e0 centrale per il futuro della provincia. Abbiamo uomini e donne di valore che potranno guidare le citt\u00e0 e i comuni al voto per costruire quella filiera istituzionale che deve dare risposte al territorio perch\u00e9 non c\u2019\u00e8 pi\u00f9 tempo per aspettare\u201d.<br \/>\n\u201cNoi ci siamo sempre fatti trovare pronti e lo saremo anche per le prossime sfide che ci attendono \u2013 ha proseguito Enrico Tiero -. Noi dobbiamo lavorare per creare una filiera a tutti i livelli. La prima sfida \u00e8 alle regionali, poi ai comuni della provincia. La classe dirigente locale e Michele Nasso come coordinatore degli enti locali di FdI stanno lavorando giornalmente per formare liste, verificare le candidature e scrivere i programmi. Ci prenderemo degli impegni e metteremo in campo la politica del fare di Giorgia Meloni. Ai problemi contrapporremo proposte di soluzione\u201d<br \/>\n\u201cCi ritroviamo dopo aver fatto la storia di questa nazione \u2013 \u00e8 stato l\u2019intervento dell\u2019eurodeputato Nicola Procaccini -. Non basta vincere le elezioni. I successi non sono le vittorie elettorali ma le cose buone fatte. \u00c8 arrivato il nostro momento e non possiamo fallire. Il cambiamento che abbiamo iniziato richiede anni e anni, e non solo l\u2019impegno di Giorgia Meloni ma di ognuno di noi che dovr\u00e0 fare la propria parte. Ora siamo nella fase della \u2018luna di miele\u2019. Ma non sar\u00e0 sempre cos\u00ec perch\u00e9 quando faremo delle scelte scontenteremo qualcuno. Avremo il deflusso ma saremo noi a fare la differenza, con la nostra capacit\u00e0 di radicarci ed essere presenti ovunque. In quel momento si vedr\u00e0 la capacit\u00e0 di una comunit\u00e0 politica di fare la storia. Noi dobbiamo lasciare un\u2019impronta\u201d.<br \/>\n\u201cL\u2019orizzonte che vogliamo disegnare oggi passa dalla Regione \u2013 ha dichiarato l\u2019onorevole Chiara Colosimo -. Davanti a tutto ci\u00f2 che \u00e8 stato fatto in questa Regione noi abbiamo la grandissima responsabilit\u00e0 di mettere in sicurezza le nostre comunit\u00e0 locali. Noi racconteremo che la nostra non \u00e8 una favola, che non c\u2019\u00e8 niente di male nell\u2019essere la ragazza della Garbatella perch\u00e9 quella ragazza ha messo insieme chi ha creduto nella comunit\u00e0 e nell\u2019Italia ed \u00e8 diventata una leader mondiale. Questa \u00e8 la storia che noi vogliamo raccontare. E sosterremo Giorgia Meloni con l\u2019unico modo che sappiamo: governare nell\u2019interesse comune\u201d.<br \/>\n\u201cAlle scorse elezioni, dalle province \u00e8 arrivata una spinta importante \u2013 ha concluso il coordinatore regionale onorevole Paolo Trancassini -, \u00e8 un risultato che dobbiamo ai militanti, a chi ha messo in campo voglia e passione. Abbiamo raggiunto questo risultato con l\u2019enorme cuore che ha portato Giorgia Meloni ad essere presidente del Consiglio. Alle regionali avremo il miglior candidato presidente, il miglior programma e i migliori candidati sui territori. Il 31% ottenuto alle politiche \u00e8 il risultato di un leader e di una classe di partito ma nella prossima campagna elettorale Giorgia Meloni non ci sar\u00e0, dobbiamo mettere in campo tutte le nostre forze e alzare il livello politico, alzare costantemente l\u2019asticella e fare in modo che i candidati si misurino ad armi pari per essere eletti. Auguro al partito di crescere e tagliare ancora traguardi, rimanendo noi stessi. Dobbiamo rimanere attenti al popolo, a quello che ci viene detto, all\u2019ascolto, e dobbiamo avere la voglia di raggiungere il livello del nostro Presidente del Consiglio\u201d<\/p>\n","protected":false},"excerpt":{"rendered":"<p>LATINA &#8211; Si \u00e8 tenuto questa mattina al Circolo Cittadino di Latina un incontro pubblico di Fratelli d\u2019Italia dal titolo \u201cOrizzonte Futuro \u2013 Le nuove sfide\u201d. All\u2019appuntamento erano presenti il senatore Nicola Calandrini, coordinatore provinciale del partito, l\u2019onorevole Paolo Trancassini, coordinatore regionale, la deputata Chiara Colosimo, l\u2019eurodeputato Nicola Procaccini e il viceportavoce regionale Enrico Tiero. [&hellip;]<\/p>\n","protected":false},"author":60,"featured_media":0,"comment_status":"open","ping_status":"open","sticky":false,"template":"","format":"standard","meta":{"footnotes":""},"categories":[8],"tags":[],"class_list":["post-320617","post","type-post","status-publish","format-standard","hentry","category-politica"],"_links":{"self":[{"href":"https:\/\/www.radioluna.it\/news\/wp-json\/wp\/v2\/posts\/320617","targetHints":{"allow":["GET"]}}],"collection":[{"href":"https:\/\/www.radioluna.it\/news\/wp-json\/wp\/v2\/posts"}],"about":[{"href":"https:\/\/www.radioluna.it\/news\/wp-json\/wp\/v2\/types\/post"}],"author":[{"embeddable":true,"href":"https:\/\/www.radioluna.it\/news\/wp-json\/wp\/v2\/users\/60"}],"replies":[{"embeddable":true,"href":"https:\/\/www.radioluna.it\/news\/wp-json\/wp\/v2\/comments?post=320617"}],"version-history":[{"count":0,"href":"https:\/\/www.radioluna.it\/news\/wp-json\/wp\/v2\/posts\/320617\/revisions"}],"wp:attachment":[{"href":"https:\/\/www.radioluna.it\/news\/wp-json\/wp\/v2\/media?parent=320617"}],"wp:term":[{"taxonomy":"category","embeddable":true,"href":"https:\/\/www.radioluna.it\/news\/wp-json\/wp\/v2\/categories?post=320617"},{"taxonomy":"post_tag","embeddable":true,"href":"https:\/\/www.radioluna.it\/news\/wp-json\/wp\/v2\/tags?post=320617"}],"curies":[{"name":"wp","href":"https:\/\/api.w.org\/{rel}","templated":true}]}}