{"id":320825,"date":"2022-11-09T08:12:56","date_gmt":"2022-11-09T07:12:56","guid":{"rendered":"https:\/\/www.radioluna.it\/news\/?p=320825"},"modified":"2022-11-09T12:21:36","modified_gmt":"2022-11-09T11:21:36","slug":"norma-parapendista-finisce-su-un-albero-a-20-metri-di-altezza-salvato-dai-vigili-del-fuoco","status":"publish","type":"post","link":"https:\/\/www.radioluna.it\/news\/2022\/11\/norma-parapendista-finisce-su-un-albero-a-20-metri-di-altezza-salvato-dai-vigili-del-fuoco\/","title":{"rendered":"Norma, parapendista finisce su un albero a 20 metri di altezza, salvato dai vigili del fuoco"},"content":{"rendered":"<div id=\"fb-root\"><\/div>\n<div style=\"width: 740px;\" class=\"wp-video\"><video class=\"wp-video-shortcode\" id=\"video-320825-1\" width=\"740\" height=\"417\" preload=\"metadata\" controls=\"controls\"><source type=\"video\/mp4\" src=\"https:\/\/www.radioluna.it\/news\/wp-content\/uploads\/2022\/11\/VID-20221109-WA0001.mp4?_=1\" \/><a href=\"https:\/\/www.radioluna.it\/news\/wp-content\/uploads\/2022\/11\/VID-20221109-WA0001.mp4\">https:\/\/www.radioluna.it\/news\/wp-content\/uploads\/2022\/11\/VID-20221109-WA0001.mp4<\/a><\/video><\/div>\n<p style=\"text-align: justify;\"><strong>NORMA &#8211;<\/strong> E&#8217; rimasto in bilico, appeso a una quercia di oltre 20 metri, fino a quando non \u00e8 stato letteralmente salvato dai vigili del fuoco. Una caduta da quell&#8217;altezza gli sarebbe stata fatale. La disavventura \u00e8 capitata ad un parapendista che nel pomeriggio di marted\u00ec si \u00e8 lanciato dalla piattaforma dell&#8217;Antica Norba\u00a0 per ammirare il paesaggio, il sito archeologico e Ninfa, un panorama unico, peccato solo per la manovra sbagliata che lo ha spinto sulla chioma dell&#8217;albero al alto fusto. E&#8217; stato lui stesso a dare l&#8217;allarme al numero unico di emergenza 112.<\/p>\n<p style=\"text-align: justify;\">Sul posto, in via circonvallazione Antica Norba, \u00e8 arrivata la squadra territoriale dei vigili del fuoco di Latina, che ha avviato le operazioni di recupero con un automezzo dotato di un braccio capace di\u00a0 recuperare il giovane a quell&#8217;altezza. Una volta compiuta con successo la manovra, lo sportivo di nazionalit\u00e0 polacca, apparentemente in buone condizioni di salute, \u00e8 stato affidato ai sanitari del 118. Sul posto hanno operato anche i carabinieri.<\/p>\n","protected":false},"excerpt":{"rendered":"<p>NORMA &#8211; E&#8217; rimasto in bilico, appeso a una quercia di oltre 20 metri, fino a quando non \u00e8 stato letteralmente salvato dai vigili del fuoco. Una caduta da quell&#8217;altezza gli sarebbe stata fatale. La disavventura \u00e8 capitata ad un parapendista che nel pomeriggio di marted\u00ec si \u00e8 lanciato dalla piattaforma dell&#8217;Antica Norba\u00a0 per ammirare [&hellip;]<\/p>\n","protected":false},"author":62,"featured_media":320827,"comment_status":"open","ping_status":"open","sticky":false,"template":"","format":"standard","meta":{"footnotes":""},"categories":[7],"tags":[],"class_list":["post-320825","post","type-post","status-publish","format-standard","has-post-thumbnail","hentry","category-cronaca"],"_links":{"self":[{"href":"https:\/\/www.radioluna.it\/news\/wp-json\/wp\/v2\/posts\/320825","targetHints":{"allow":["GET"]}}],"collection":[{"href":"https:\/\/www.radioluna.it\/news\/wp-json\/wp\/v2\/posts"}],"about":[{"href":"https:\/\/www.radioluna.it\/news\/wp-json\/wp\/v2\/types\/post"}],"author":[{"embeddable":true,"href":"https:\/\/www.radioluna.it\/news\/wp-json\/wp\/v2\/users\/62"}],"replies":[{"embeddable":true,"href":"https:\/\/www.radioluna.it\/news\/wp-json\/wp\/v2\/comments?post=320825"}],"version-history":[{"count":0,"href":"https:\/\/www.radioluna.it\/news\/wp-json\/wp\/v2\/posts\/320825\/revisions"}],"wp:featuredmedia":[{"embeddable":true,"href":"https:\/\/www.radioluna.it\/news\/wp-json\/wp\/v2\/media\/320827"}],"wp:attachment":[{"href":"https:\/\/www.radioluna.it\/news\/wp-json\/wp\/v2\/media?parent=320825"}],"wp:term":[{"taxonomy":"category","embeddable":true,"href":"https:\/\/www.radioluna.it\/news\/wp-json\/wp\/v2\/categories?post=320825"},{"taxonomy":"post_tag","embeddable":true,"href":"https:\/\/www.radioluna.it\/news\/wp-json\/wp\/v2\/tags?post=320825"}],"curies":[{"name":"wp","href":"https:\/\/api.w.org\/{rel}","templated":true}]}}