{"id":320916,"date":"2022-11-10T14:24:01","date_gmt":"2022-11-10T13:24:01","guid":{"rendered":"https:\/\/www.radioluna.it\/news\/?p=320916"},"modified":"2022-11-10T14:24:01","modified_gmt":"2022-11-10T13:24:01","slug":"il-senatore-nicola-calandrini-eletto-presidente-della-commissione-bilancio-del-senato","status":"publish","type":"post","link":"https:\/\/www.radioluna.it\/news\/2022\/11\/il-senatore-nicola-calandrini-eletto-presidente-della-commissione-bilancio-del-senato\/","title":{"rendered":"Il senatore Nicola Calandrini eletto presidente della Commissione Bilancio del Senato"},"content":{"rendered":"<div id=\"fb-root\"><\/div>\n<p style=\"text-align: justify;\"><strong>LATINA<\/strong> &#8211; Il senatore Nicola Calandrini \u00e8 stato eletto Presidente della Commissione Bilancio del Senato. &#8220;Ringrazio Giorgia Meloni e Fratelli d\u2019Italia per avermi dato questa opportunit\u00e0 e i commissari per avermi dato fiducia &#8211; dichiara il senatore Calandrini &#8211; Per me \u00e8 un onore guidare la V Commissione Bilancio dopo che lo scorso anno per lungo tempo sono stato il solo a rappresentare l\u2019opposizione di fronte a una maggioranza schiacciante nei numeri ma non nei temi. Intendo portare avanti il mio mandato con un solo obiettivo, lo stesso che mi ha guidato nella scorsa legislatura, dai banchi della minoranza: fare il bene degli italiani. Stiamo vivendo il momento storico pi\u00f9 difficile della storia della Repubblica, tra venti di guerra, inflazione, caro energia. Dobbiamo affrontare questo scenario mettendo in campo ogni misura possibile, di concerto con il Governo, per portare l\u2019Italia fuori dall\u2019emergenza. La Commissione \u00e8 chiamata a lavorare a breve sui decreti Aiuti e sulla Legge di Bilancio. Chieder\u00f2 a tutti i commissari sin da subito responsabilit\u00e0 e collaborazione, a prescindere dalle appartenenze politiche. Non c&#8217;\u00e8 un minuto da perdere, dobbiamo lavorare tutti, sin da subito, per dare risposte al Paese\u201d.<\/p>\n<p style=\"text-align: justify;\">\u201cLa elezione del senatore Nicola Calandrini alla presidenza della commissione bilancio del Senato, rappresenta il giusto riconoscimento alla competenza e all\u2019impegno del Senatore Calandrini nella sua attivit\u00e0 in parlamento e alla qualit\u00e0 del lavoro svolto da Fratelli d\u2019Italia sul territorio. \u00c8 infatti anche il riconoscimento al lavoro delle donne e degli uomini di Fratelli d\u2019Italia, attraverso la capillare presenza del partito in ogni comunit\u00e0 per interpretare al meglio le esigenze dei cittadini. Auguro al Senatore Calandrini e a tutti i presidenti delle commissioni permanenti del Senato lo svolgimento di un lavoro proficuo, rinnovando la mia piena disponibilit\u00e0 per attivit\u00e0 di confronto e collaborazione sulle tematiche che investono il mio ruolo di europarlamentare e responsabile del settore ambiente ed energia di Fratelli d\u2019Italia\u201d. Cos\u00ec in una nota l\u2019europarlamentare di Fratelli d\u2019Italia, Nicola Procaccini.<\/p>\n","protected":false},"excerpt":{"rendered":"<p>LATINA &#8211; Il senatore Nicola Calandrini \u00e8 stato eletto Presidente della Commissione Bilancio del Senato. &#8220;Ringrazio Giorgia Meloni e Fratelli d\u2019Italia per avermi dato questa opportunit\u00e0 e i commissari per avermi dato fiducia &#8211; dichiara il senatore Calandrini &#8211; Per me \u00e8 un onore guidare la V Commissione Bilancio dopo che lo scorso anno per [&hellip;]<\/p>\n","protected":false},"author":60,"featured_media":320917,"comment_status":"open","ping_status":"open","sticky":false,"template":"","format":"standard","meta":{"footnotes":""},"categories":[8],"tags":[],"class_list":["post-320916","post","type-post","status-publish","format-standard","has-post-thumbnail","hentry","category-politica"],"_links":{"self":[{"href":"https:\/\/www.radioluna.it\/news\/wp-json\/wp\/v2\/posts\/320916","targetHints":{"allow":["GET"]}}],"collection":[{"href":"https:\/\/www.radioluna.it\/news\/wp-json\/wp\/v2\/posts"}],"about":[{"href":"https:\/\/www.radioluna.it\/news\/wp-json\/wp\/v2\/types\/post"}],"author":[{"embeddable":true,"href":"https:\/\/www.radioluna.it\/news\/wp-json\/wp\/v2\/users\/60"}],"replies":[{"embeddable":true,"href":"https:\/\/www.radioluna.it\/news\/wp-json\/wp\/v2\/comments?post=320916"}],"version-history":[{"count":0,"href":"https:\/\/www.radioluna.it\/news\/wp-json\/wp\/v2\/posts\/320916\/revisions"}],"wp:featuredmedia":[{"embeddable":true,"href":"https:\/\/www.radioluna.it\/news\/wp-json\/wp\/v2\/media\/320917"}],"wp:attachment":[{"href":"https:\/\/www.radioluna.it\/news\/wp-json\/wp\/v2\/media?parent=320916"}],"wp:term":[{"taxonomy":"category","embeddable":true,"href":"https:\/\/www.radioluna.it\/news\/wp-json\/wp\/v2\/categories?post=320916"},{"taxonomy":"post_tag","embeddable":true,"href":"https:\/\/www.radioluna.it\/news\/wp-json\/wp\/v2\/tags?post=320916"}],"curies":[{"name":"wp","href":"https:\/\/api.w.org\/{rel}","templated":true}]}}