{"id":320925,"date":"2022-11-10T17:53:15","date_gmt":"2022-11-10T16:53:15","guid":{"rendered":"https:\/\/www.radioluna.it\/news\/?p=320925"},"modified":"2022-11-15T11:30:19","modified_gmt":"2022-11-15T10:30:19","slug":"zingaretti-si-e-dimesso-il-saluto-alla-regione-lazio","status":"publish","type":"post","link":"https:\/\/www.radioluna.it\/news\/2022\/11\/zingaretti-si-e-dimesso-il-saluto-alla-regione-lazio\/","title":{"rendered":"Zingaretti si \u00e8 dimesso, il saluto alla Regione Lazio"},"content":{"rendered":"<div id=\"fb-root\"><\/div>\n<p><iframe loading=\"lazy\" style=\"border: none; overflow: hidden;\" src=\"https:\/\/www.facebook.com\/plugins\/video.php?height=476&amp;href=https%3A%2F%2Fwww.facebook.com%2Fnicolazingaretti%2Fvideos%2F1106522756894269%2F&amp;show_text=false&amp;width=267&amp;t=0\" width=\"267\" height=\"476\" frameborder=\"0\" scrolling=\"no\" allowfullscreen=\"allowfullscreen\"><\/iframe><\/p>\n<p style=\"text-align: justify;\">E&#8217; il giorno delle dimissioni per il presidente della Regione Lazio Nicola Zingaretti che ha salutato tra gli applausi oggi pomeriggio collaboratori e personale dell&#8217;Ente. Come annunciato dopo il pronunciamento della Corte dei Conti che ha parificato i bilanci della Regione Lazio per l\u2019esercizio finanziario 2021, il Governatore lascia ufficialmente la Pisana per il Parlamento. Si apre il breve interregno a guida Leodori, in attesa delle elezioni che si terranno il 5 febbraio.<\/p>\n<p style=\"text-align: justify;\">&#8220;Prima di dimettermi\u00a0 &#8211; ha annunciato con un post su Fb\u00a0 &#8211; ho deposto una corona alle Fosse Ardeatine. Un omaggio alla memoria di tutte le vittime del nazifascismo. La libert\u00e0 e la democrazia non ce le hanno regalate. Sono state conquistate, anche con la vita, e ora vanno difese. Per chi ha responsabilit\u00e0 di Governo significa servire le Istituzioni e realizzare davvero gli obiettivi indicati dalla Costituzione&#8221;.<\/p>\n<div class=\"xdj266r x11i5rnm xat24cr x1mh8g0r x1vvkbs x126k92a\" style=\"text-align: justify;\">\n<div dir=\"auto\">A commento del giudizio di parificazione sul rendiconto generale della Regione Lazio, nel corso dell&#8217;udienza alla Corte dei Conti, Zingaretti invece aveva voluto sottolineare che la &#8220;stagione di debiti e dissesto finanziario e amministrativo \u00e8 oggi alle nostre spalle.\u00a0 Oggi insomma la nostra \u00e8 una Regione pi\u00f9 solida, pi\u00f9 credibile, pi\u00f9 forte&#8221;.<\/div>\n<\/div>\n<p style=\"text-align: justify;\">\n","protected":false},"excerpt":{"rendered":"<p>E&#8217; il giorno delle dimissioni per il presidente della Regione Lazio Nicola Zingaretti che ha salutato tra gli applausi oggi pomeriggio collaboratori e personale dell&#8217;Ente. Come annunciato dopo il pronunciamento della Corte dei Conti che ha parificato i bilanci della Regione Lazio per l\u2019esercizio finanziario 2021, il Governatore lascia ufficialmente la Pisana per il Parlamento. [&hellip;]<\/p>\n","protected":false},"author":60,"featured_media":320928,"comment_status":"open","ping_status":"open","sticky":false,"template":"","format":"standard","meta":{"footnotes":""},"categories":[8],"tags":[],"class_list":["post-320925","post","type-post","status-publish","format-standard","has-post-thumbnail","hentry","category-politica"],"_links":{"self":[{"href":"https:\/\/www.radioluna.it\/news\/wp-json\/wp\/v2\/posts\/320925","targetHints":{"allow":["GET"]}}],"collection":[{"href":"https:\/\/www.radioluna.it\/news\/wp-json\/wp\/v2\/posts"}],"about":[{"href":"https:\/\/www.radioluna.it\/news\/wp-json\/wp\/v2\/types\/post"}],"author":[{"embeddable":true,"href":"https:\/\/www.radioluna.it\/news\/wp-json\/wp\/v2\/users\/60"}],"replies":[{"embeddable":true,"href":"https:\/\/www.radioluna.it\/news\/wp-json\/wp\/v2\/comments?post=320925"}],"version-history":[{"count":0,"href":"https:\/\/www.radioluna.it\/news\/wp-json\/wp\/v2\/posts\/320925\/revisions"}],"wp:featuredmedia":[{"embeddable":true,"href":"https:\/\/www.radioluna.it\/news\/wp-json\/wp\/v2\/media\/320928"}],"wp:attachment":[{"href":"https:\/\/www.radioluna.it\/news\/wp-json\/wp\/v2\/media?parent=320925"}],"wp:term":[{"taxonomy":"category","embeddable":true,"href":"https:\/\/www.radioluna.it\/news\/wp-json\/wp\/v2\/categories?post=320925"},{"taxonomy":"post_tag","embeddable":true,"href":"https:\/\/www.radioluna.it\/news\/wp-json\/wp\/v2\/tags?post=320925"}],"curies":[{"name":"wp","href":"https:\/\/api.w.org\/{rel}","templated":true}]}}