{"id":320957,"date":"2022-11-11T09:32:01","date_gmt":"2022-11-11T08:32:01","guid":{"rendered":"https:\/\/www.radioluna.it\/news\/?p=320957"},"modified":"2022-11-11T10:06:00","modified_gmt":"2022-11-11T09:06:00","slug":"damato-io-disponibile-a-candidarmi-a-presidente-del-lazio-nel-centrosinistra-la-scelta-sembra-fatta","status":"publish","type":"post","link":"https:\/\/www.radioluna.it\/news\/2022\/11\/damato-io-disponibile-a-candidarmi-a-presidente-del-lazio-nel-centrosinistra-la-scelta-sembra-fatta\/","title":{"rendered":"D&#8217;Amato: &#8220;Io disponibile a candidarmi a presidente del Lazio&#8221;"},"content":{"rendered":"<div id=\"fb-root\"><\/div>\n<p style=\"text-align: justify;\"><strong>LATINA &#8211;<\/strong> &#8220;Io d\u00f2 certamente la\u00a0 mia disponibilit\u00e0 a candidarmi, poi dovranno essere le forze politiche della coalizione a decidere modi e tempi, l&#8217;unica cosa \u00e8 che bisogna fare presto&#8221;. Lo ha detto l&#8217;assessore regionale alla sanit\u00e0 del Lazio Alessio D&#8217;Amato, ieri nel giorno delle dimissioni del Governatore Nicola Zingaretti che ha lasciato la guida della Regione dopo 10 anni per andare in Parlamento. D&#8217;Amato, che ha parlato nel corso dell&#8217;atteso evento &#8220;Si pu\u00f2 fare 2023&#8221; al teatro Brancaccio di Roma, a domanda sulle primarie ha ricordato di averle chieste &#8220;in tempi non sospetti&#8221; che se ci saranno le primarie &#8220;parteciper\u00f2 alle primarie&#8221;.<\/p>\n<p style=\"text-align: justify;\">Sul sostegno ricevuto dal Terzo Polo ha poi aggiunto:\u00a0&#8220;Ringrazio Calenda e il Terzo Polo della stima rappresentata, ma noi dobbiamo pensare ad allargare all&#8217;intera coalizione del centrosinistra che l&#8217;ultima volta ha vinto le elezioni regionali&#8221;.<\/p>\n<p>E nonostante l&#8217;appello ad allargare, sembra ormai rottura con i Cinquestelle e il nome di D&#8217;Amato viene dato dai principali quotidiani come ormai gi\u00e0 scelto. Decisioni sono attese dalla direzione nazionale del Pd di marted\u00ec quando si scioglier\u00e0 il nodo delle primarie: \u00abVedremo se emergeranno altri nomi &#8211; ha detto il segretario regionale del Pd Bruno Astorre &#8211; Nel Lazio quella di D\u2019Amato \u00e8 una candidatura che unisce\u00bb.<\/p>\n<p>&nbsp;<\/p>\n","protected":false},"excerpt":{"rendered":"<p>LATINA &#8211; &#8220;Io d\u00f2 certamente la\u00a0 mia disponibilit\u00e0 a candidarmi, poi dovranno essere le forze politiche della coalizione a decidere modi e tempi, l&#8217;unica cosa \u00e8 che bisogna fare presto&#8221;. Lo ha detto l&#8217;assessore regionale alla sanit\u00e0 del Lazio Alessio D&#8217;Amato, ieri nel giorno delle dimissioni del Governatore Nicola Zingaretti che ha lasciato la guida [&hellip;]<\/p>\n","protected":false},"author":62,"featured_media":317125,"comment_status":"open","ping_status":"open","sticky":false,"template":"","format":"standard","meta":{"footnotes":""},"categories":[8],"tags":[],"class_list":["post-320957","post","type-post","status-publish","format-standard","has-post-thumbnail","hentry","category-politica"],"_links":{"self":[{"href":"https:\/\/www.radioluna.it\/news\/wp-json\/wp\/v2\/posts\/320957","targetHints":{"allow":["GET"]}}],"collection":[{"href":"https:\/\/www.radioluna.it\/news\/wp-json\/wp\/v2\/posts"}],"about":[{"href":"https:\/\/www.radioluna.it\/news\/wp-json\/wp\/v2\/types\/post"}],"author":[{"embeddable":true,"href":"https:\/\/www.radioluna.it\/news\/wp-json\/wp\/v2\/users\/62"}],"replies":[{"embeddable":true,"href":"https:\/\/www.radioluna.it\/news\/wp-json\/wp\/v2\/comments?post=320957"}],"version-history":[{"count":0,"href":"https:\/\/www.radioluna.it\/news\/wp-json\/wp\/v2\/posts\/320957\/revisions"}],"wp:featuredmedia":[{"embeddable":true,"href":"https:\/\/www.radioluna.it\/news\/wp-json\/wp\/v2\/media\/317125"}],"wp:attachment":[{"href":"https:\/\/www.radioluna.it\/news\/wp-json\/wp\/v2\/media?parent=320957"}],"wp:term":[{"taxonomy":"category","embeddable":true,"href":"https:\/\/www.radioluna.it\/news\/wp-json\/wp\/v2\/categories?post=320957"},{"taxonomy":"post_tag","embeddable":true,"href":"https:\/\/www.radioluna.it\/news\/wp-json\/wp\/v2\/tags?post=320957"}],"curies":[{"name":"wp","href":"https:\/\/api.w.org\/{rel}","templated":true}]}}