{"id":321161,"date":"2022-11-16T09:02:28","date_gmt":"2022-11-16T08:02:28","guid":{"rendered":"https:\/\/www.radioluna.it\/news\/?p=321161"},"modified":"2022-11-16T09:03:48","modified_gmt":"2022-11-16T08:03:48","slug":"il-pd-regionale-dice-si-alla-candidatura-di-damato-alla-presidenza-del-lazio","status":"publish","type":"post","link":"https:\/\/www.radioluna.it\/news\/2022\/11\/il-pd-regionale-dice-si-alla-candidatura-di-damato-alla-presidenza-del-lazio\/","title":{"rendered":"Il Pd regionale dice s\u00ec alla candidatura di D&#8217;Amato alla Presidenza del Lazio"},"content":{"rendered":"<div id=\"fb-root\"><\/div>\n<p style=\"text-align: justify;\">LATINA &#8211; Alessio D&#8217;Amato \u00e8 il candidato alla presidenza della Regione Lazio per il Pd. Lo ha deciso la Direzione regionale del partito che si \u00e8 riunita marted\u00ec pomeriggio, con l&#8217;unanimit\u00e0 non raggiunta per un soffio. Quarantanove dei cinquanta membri,\u00a0 voto contrario quello di Marco Miccoli, hanno approvato la relazione del Segretario Bruno Astorre che proponeva il nome dell&#8217;assessore regionale alla Salute che solo pochi giorni fa, al teatro Brancaccio, aveva parlato molto chiaramente dei suoi progetti durante l&#8217;incontro dal titolo &#8220;Si pu\u00f2 fare&#8221; con tanto di canzone di accompagnamento.<\/p>\n<p style=\"text-align: justify;\">Nel comunicato diffuso al termine della Direzione regionale per\u00f2 non si esclude la possibilit\u00e0 delle primarie per valutare anche \u00abcandidature provenienti da altre forze politiche\u00bb. Il compito dell\u2019assessore regionale alla sanit\u00e0 sar\u00e0 quello di saper aggregare \u00abla pi\u00f9 ampia coalizione possibile\u00bb.<\/p>\n<div class=\"radio-posizionamento-telefono-in-articoli-dopo-il-contenuto-articolo radio-entity-placement\" id=\"radio-338946270\"><div id=\"radio-2716887041\"><a href=\"https:\/\/grupporedi.it\/\" aria-label=\"Redi-Qr\"><img loading=\"lazy\" decoding=\"async\" src=\"https:\/\/www.radioluna.it\/news\/wp-content\/uploads\/2026\/03\/Redi-Qr.jpg\" alt=\"\"  srcset=\"https:\/\/www.radioluna.it\/news\/wp-content\/uploads\/2026\/03\/Redi-Qr.jpg 800w, https:\/\/www.radioluna.it\/news\/wp-content\/uploads\/2026\/03\/Redi-Qr-768x639.jpg 768w\" sizes=\"(max-width: 800px) 100vw, 800px\" width=\"300\" height=\"250\"   \/><\/a><\/div><\/div>","protected":false},"excerpt":{"rendered":"<p>LATINA &#8211; Alessio D&#8217;Amato \u00e8 il candidato alla presidenza della Regione Lazio per il Pd. Lo ha deciso la Direzione regionale del partito che si \u00e8 riunita marted\u00ec pomeriggio, con l&#8217;unanimit\u00e0 non raggiunta per un soffio. Quarantanove dei cinquanta membri,\u00a0 voto contrario quello di Marco Miccoli, hanno approvato la relazione del Segretario Bruno Astorre che [&hellip;]<\/p>\n","protected":false},"author":62,"featured_media":321162,"comment_status":"open","ping_status":"open","sticky":false,"template":"","format":"standard","meta":{"footnotes":""},"categories":[8],"tags":[],"class_list":["post-321161","post","type-post","status-publish","format-standard","has-post-thumbnail","hentry","category-politica"],"_links":{"self":[{"href":"https:\/\/www.radioluna.it\/news\/wp-json\/wp\/v2\/posts\/321161","targetHints":{"allow":["GET"]}}],"collection":[{"href":"https:\/\/www.radioluna.it\/news\/wp-json\/wp\/v2\/posts"}],"about":[{"href":"https:\/\/www.radioluna.it\/news\/wp-json\/wp\/v2\/types\/post"}],"author":[{"embeddable":true,"href":"https:\/\/www.radioluna.it\/news\/wp-json\/wp\/v2\/users\/62"}],"replies":[{"embeddable":true,"href":"https:\/\/www.radioluna.it\/news\/wp-json\/wp\/v2\/comments?post=321161"}],"version-history":[{"count":0,"href":"https:\/\/www.radioluna.it\/news\/wp-json\/wp\/v2\/posts\/321161\/revisions"}],"wp:featuredmedia":[{"embeddable":true,"href":"https:\/\/www.radioluna.it\/news\/wp-json\/wp\/v2\/media\/321162"}],"wp:attachment":[{"href":"https:\/\/www.radioluna.it\/news\/wp-json\/wp\/v2\/media?parent=321161"}],"wp:term":[{"taxonomy":"category","embeddable":true,"href":"https:\/\/www.radioluna.it\/news\/wp-json\/wp\/v2\/categories?post=321161"},{"taxonomy":"post_tag","embeddable":true,"href":"https:\/\/www.radioluna.it\/news\/wp-json\/wp\/v2\/tags?post=321161"}],"curies":[{"name":"wp","href":"https:\/\/api.w.org\/{rel}","templated":true}]}}