{"id":321426,"date":"2022-11-22T15:25:58","date_gmt":"2022-11-22T14:25:58","guid":{"rendered":"https:\/\/www.radioluna.it\/news\/?p=321426"},"modified":"2022-11-24T16:24:26","modified_gmt":"2022-11-24T15:24:26","slug":"inteam-latina-ai-campionati-nazionali-fisdir-di-basket","status":"publish","type":"post","link":"https:\/\/www.radioluna.it\/news\/2022\/11\/inteam-latina-ai-campionati-nazionali-fisdir-di-basket\/","title":{"rendered":"Inteam Latina ai Campionati Nazionali Fisdir di basket"},"content":{"rendered":"<div id=\"fb-root\"><\/div>\n<p style=\"text-align: justify;\"><strong>LATINA &#8211;<\/strong> Prestigiosa chiamata per l\u2019Asd Inteam Latina, societ\u00e0 specializzata nel promuovere il basket inclusivo per ragazzi con disabilit\u00e0. Dal 25 al 27 novembre il club pontino sar\u00e0 presente con dieci suoi ragazzi ai Campionati Nazionali di Pallacanestro Fisdir, per persone con disabilit\u00e0 intellettivo relazionale. La rassegna si svolger\u00e0 a Ferrara e si articoler\u00e0 in quattro diverse divisioni con la partecipazione complessiva di 14 squadre e di 120 atleti. Inteam \u00e8 stata inserita nella Divisione Atleti con Sindrome di Down insieme ad altre cinque realt\u00e0: \u201cAnthropos\u201d di Civitanova Marche, \u201cAtletico Aipd\u201d di Oristano, \u201cBasket Forever\u201d di Formia, \u201cOrionina\u201d di Ercolano e \u201cSport in Veneto\u201d di Padova. Si tratta di una grande soddisfazione per una realt\u00e0 nata ad ottobre del 2020 come progetto di pallacanestro inclusiva e divenuta nell\u2019aprile di quest\u2019anno una Asd a tutti gli effetti, presieduta da Alessia Montemurro insieme alla vice, nonch\u00e9 allenatrice, Valentina Ruggieri. Ad oggi Inteam vanta un numero di iscritti di tutto rispetto, quasi 60 ragazzi speciali. La societ\u00e0 pontina partecipa per la prima volta ad una competizione nazionale e al campionato di una federazione, la Fisdir. Si tratta di un primo importante passo verso un\u2019ulteriore crescita, testimoniata dalla passione e dall\u2019entusiasmo di tutti i ragazzi coinvolti. A Ferrara sar\u00e0 un\u2019esperienza indimenticabile per i 10 atleti selezionati, ma c\u2019\u00e8 da scommettere che altri grandi traguardi saranno presto raggiunti da tutti i componenti della famiglia Inteam.<\/p>\n","protected":false},"excerpt":{"rendered":"<p>LATINA &#8211; Prestigiosa chiamata per l\u2019Asd Inteam Latina, societ\u00e0 specializzata nel promuovere il basket inclusivo per ragazzi con disabilit\u00e0. Dal 25 al 27 novembre il club pontino sar\u00e0 presente con dieci suoi ragazzi ai Campionati Nazionali di Pallacanestro Fisdir, per persone con disabilit\u00e0 intellettivo relazionale. La rassegna si svolger\u00e0 a Ferrara e si articoler\u00e0 in [&hellip;]<\/p>\n","protected":false},"author":5430,"featured_media":321427,"comment_status":"open","ping_status":"open","sticky":false,"template":"","format":"standard","meta":{"footnotes":""},"categories":[17],"tags":[],"class_list":["post-321426","post","type-post","status-publish","format-standard","has-post-thumbnail","hentry","category-sport"],"_links":{"self":[{"href":"https:\/\/www.radioluna.it\/news\/wp-json\/wp\/v2\/posts\/321426","targetHints":{"allow":["GET"]}}],"collection":[{"href":"https:\/\/www.radioluna.it\/news\/wp-json\/wp\/v2\/posts"}],"about":[{"href":"https:\/\/www.radioluna.it\/news\/wp-json\/wp\/v2\/types\/post"}],"author":[{"embeddable":true,"href":"https:\/\/www.radioluna.it\/news\/wp-json\/wp\/v2\/users\/5430"}],"replies":[{"embeddable":true,"href":"https:\/\/www.radioluna.it\/news\/wp-json\/wp\/v2\/comments?post=321426"}],"version-history":[{"count":0,"href":"https:\/\/www.radioluna.it\/news\/wp-json\/wp\/v2\/posts\/321426\/revisions"}],"wp:featuredmedia":[{"embeddable":true,"href":"https:\/\/www.radioluna.it\/news\/wp-json\/wp\/v2\/media\/321427"}],"wp:attachment":[{"href":"https:\/\/www.radioluna.it\/news\/wp-json\/wp\/v2\/media?parent=321426"}],"wp:term":[{"taxonomy":"category","embeddable":true,"href":"https:\/\/www.radioluna.it\/news\/wp-json\/wp\/v2\/categories?post=321426"},{"taxonomy":"post_tag","embeddable":true,"href":"https:\/\/www.radioluna.it\/news\/wp-json\/wp\/v2\/tags?post=321426"}],"curies":[{"name":"wp","href":"https:\/\/api.w.org\/{rel}","templated":true}]}}