{"id":321711,"date":"2022-11-26T14:39:26","date_gmt":"2022-11-26T13:39:26","guid":{"rendered":"https:\/\/www.radioluna.it\/news\/?p=321711"},"modified":"2022-11-29T05:22:16","modified_gmt":"2022-11-29T04:22:16","slug":"aprilia-via-ai-lavori-nella-villa-confiscata-la-penna-un-altro-tassello-nella-lotta-per-la-legalita","status":"publish","type":"post","link":"https:\/\/www.radioluna.it\/news\/2022\/11\/aprilia-via-ai-lavori-nella-villa-confiscata-la-penna-un-altro-tassello-nella-lotta-per-la-legalita\/","title":{"rendered":"Via ai lavori nella villa confiscata, La Penna: \u00abUn altro tassello \u2028nella lotta per la legalit\u00e0\u00bb"},"content":{"rendered":"<div id=\"fb-root\"><\/div>\n<p style=\"text-align: justify;\"><strong>APRILIA<\/strong> &#8211;\u00a0\u00abUn altro spazio sottratto alla criminalit\u00e0 organizzata e presto restituito alla collettivit\u00e0. Esprimiamo la nostra soddisfazione per questo nuovo importante tassello nella lotta per la legalit\u00e0 che la Regione Lazio, in questi cinque anni di governo a guida Zingaretti, ha portato avanti insieme all\u2019Osservatorio per la legalit\u00e0 e la sicurezza, alla Magistratura e alle Forze dell\u2019Ordine. Un impegno attestato dai numeri: cento luoghi confiscati alla criminalit\u00e0 e riconvertiti ad uso sociale nella nostra regione\u00bb.<\/p>\n<p style=\"text-align: justify;\">Cos\u00ec il consigliere regionale del Partito democratico, Salvatore La Penna, accoglie la notizia dei lavori di ristrutturazione della villetta confiscata ad Aprilia, in zona La Cogna, iniziati ieri. \u00abGrazie al finanziamento della Regione in collaborazione con l\u2019amministrazione comunale di Aprilia e alla ristrutturazione, l\u2019immobile sequestrato diventer\u00e0 un centro di socialit\u00e0 e aggregazione. Attraverso il recupero e la rifunzionalizzazione di un bene confiscato alla criminalit\u00e0, la frazione di Aprilia avr\u00e0 un suo primo spazio pubblico, aperto alla cittadinanza e condiviso\u00bb.<\/p>\n<p style=\"text-align: justify;\">\u00abL\u2019impegno per riconvertire a scopo sociale i\u00a0beni\u00a0confiscati\u00a0alla criminalit\u00e0 \u00e8 il modo con cui abbiamo voluto affermare un\u00a0principio di valore culturale, etico ed educativo nella lotta ai sodalizi criminali che vede protagonisti anche le comunit\u00e0 e i territori. \u00c9 una sfida tuttora aperta per cui continuer\u00e0 ad essere prezioso il lavoro\u00a0della Magistratura e delle Forze di Polizia, alle quali va tutta la nostra gratitudine. Un percorso intrapreso che deve continuare a vederci presenti e tutti uniti per la restituzione alla collettivit\u00e0 dei patrimoni confiscati e il loro riutilizzo a fini sociali; a tal riguardo un contributo decisivo pu\u00f2 arrivare anche dalla cittadinanza attiva e dal Terzo Settore\u00bb.<\/p>\n<div class=\"radio-posizionamento-telefono-in-articoli-dopo-il-contenuto-articolo radio-entity-placement\" id=\"radio-1269780467\"><div id=\"radio-1425664967\" style=\"width: 300px;height: 250px;\"><a href=\"https:\/\/www.icarspa.it\/auto\/usate\/latina\/\" aria-label=\"banner aprile icar new life &#8211; auto usate latina\"><img loading=\"lazy\" decoding=\"async\" src=\"https:\/\/www.radioluna.it\/news\/wp-content\/uploads\/2026\/02\/banner-aprile-icar-new-life-auto-usate-latina.gif\" alt=\"\"  width=\"300\" height=\"250\"   \/><\/a><\/div><\/div>","protected":false},"excerpt":{"rendered":"<p>APRILIA &#8211;\u00a0\u00abUn altro spazio sottratto alla criminalit\u00e0 organizzata e presto restituito alla collettivit\u00e0. Esprimiamo la nostra soddisfazione per questo nuovo importante tassello nella lotta per la legalit\u00e0 che la Regione Lazio, in questi cinque anni di governo a guida Zingaretti, ha portato avanti insieme all\u2019Osservatorio per la legalit\u00e0 e la sicurezza, alla Magistratura e alle [&hellip;]<\/p>\n","protected":false},"author":60,"featured_media":321712,"comment_status":"open","ping_status":"open","sticky":false,"template":"","format":"standard","meta":{"footnotes":""},"categories":[7],"tags":[],"class_list":["post-321711","post","type-post","status-publish","format-standard","has-post-thumbnail","hentry","category-cronaca"],"_links":{"self":[{"href":"https:\/\/www.radioluna.it\/news\/wp-json\/wp\/v2\/posts\/321711","targetHints":{"allow":["GET"]}}],"collection":[{"href":"https:\/\/www.radioluna.it\/news\/wp-json\/wp\/v2\/posts"}],"about":[{"href":"https:\/\/www.radioluna.it\/news\/wp-json\/wp\/v2\/types\/post"}],"author":[{"embeddable":true,"href":"https:\/\/www.radioluna.it\/news\/wp-json\/wp\/v2\/users\/60"}],"replies":[{"embeddable":true,"href":"https:\/\/www.radioluna.it\/news\/wp-json\/wp\/v2\/comments?post=321711"}],"version-history":[{"count":0,"href":"https:\/\/www.radioluna.it\/news\/wp-json\/wp\/v2\/posts\/321711\/revisions"}],"wp:featuredmedia":[{"embeddable":true,"href":"https:\/\/www.radioluna.it\/news\/wp-json\/wp\/v2\/media\/321712"}],"wp:attachment":[{"href":"https:\/\/www.radioluna.it\/news\/wp-json\/wp\/v2\/media?parent=321711"}],"wp:term":[{"taxonomy":"category","embeddable":true,"href":"https:\/\/www.radioluna.it\/news\/wp-json\/wp\/v2\/categories?post=321711"},{"taxonomy":"post_tag","embeddable":true,"href":"https:\/\/www.radioluna.it\/news\/wp-json\/wp\/v2\/tags?post=321711"}],"curies":[{"name":"wp","href":"https:\/\/api.w.org\/{rel}","templated":true}]}}