{"id":321922,"date":"2022-12-01T19:18:55","date_gmt":"2022-12-01T18:18:55","guid":{"rendered":"https:\/\/www.radioluna.it\/news\/?p=321922"},"modified":"2022-12-02T07:24:19","modified_gmt":"2022-12-02T06:24:19","slug":"il-museo-di-satricum-al-centro-di-un-incontro-tra-il-prefetto-valente-e-il-direttore-generale-dei-musei-osanna","status":"publish","type":"post","link":"https:\/\/www.radioluna.it\/news\/2022\/12\/il-museo-di-satricum-al-centro-di-un-incontro-tra-il-prefetto-valente-e-il-direttore-generale-dei-musei-osanna\/","title":{"rendered":"Il Museo di Satricum al centro di un incontro tra il Prefetto Valente e il Direttore Generale dei Musei Osanna"},"content":{"rendered":"<div id=\"fb-root\"><\/div>\n<p style=\"text-align: justify;\"><strong>LATINA<\/strong> &#8211;\u00a0Il Commissario straordinario Prefetto Carmine Valente ha ricevuto oggi in Comune la visita del Direttore Generale dei Musei del Ministero della Cultura professor Massimo Osanna: un incontro programmato con all\u2019ordine del giorno il Museo Satricum cui ha partecipato anche il direttore regionale dei Musei del Lazio, dottor Stefano Petrocchi.<\/p>\n<p style=\"text-align: justify;\">L\u2019incontro \u00e8 avvenuto dopo la visita del professor Osanna e del dottor Petrocchi al Museo di Satricum e ha rappresentato l\u2019occasione per concordare la futura collaborazione tra la Direzione Generale dei Musei del Ministero della Cultura e l\u2019amministrazione comunale di Latina.<\/p>\n<p style=\"text-align: justify;\">Il Commissario Valente ha sottolineato la necessit\u00e0 sia di mettere in sicurezza il Museo, sia di dargli la valenza che merita, considerando la straordinariet\u00e0 dei reperti archeologici in esso presenti, dell\u2019attigua area archeologica e della collina dove si trova il Tempio dedicato alla Mater Matuta.<\/p>\n<p style=\"text-align: justify;\">Il Direttore Osanna ha confermato come primo impegno un accordo di valorizzazione del bene, sottoscritto tra Comune e Ministero che lavoreranno in sinergia per migliorare la conoscenza, la promozione e la fruizione del Museo. Valente e Osanna hanno ipotizzato che i due Enti si occuperanno sinergicamente di realizzare attivit\u00e0 di potenziamento del sito, delle sue peculiarit\u00e0 e del contesto territoriale in cui \u00e8 inserito.<\/p>\n<p style=\"text-align: justify;\">Negli step successivi si prevede la possibilit\u00e0 di un partenariato pubblico\/privato utile al reperimento di finanziamenti necessari a restituire alla citt\u00e0 un bene cos\u00ec prezioso.<\/p>\n","protected":false},"excerpt":{"rendered":"<p>LATINA &#8211;\u00a0Il Commissario straordinario Prefetto Carmine Valente ha ricevuto oggi in Comune la visita del Direttore Generale dei Musei del Ministero della Cultura professor Massimo Osanna: un incontro programmato con all\u2019ordine del giorno il Museo Satricum cui ha partecipato anche il direttore regionale dei Musei del Lazio, dottor Stefano Petrocchi. L\u2019incontro \u00e8 avvenuto dopo la [&hellip;]<\/p>\n","protected":false},"author":60,"featured_media":321923,"comment_status":"open","ping_status":"open","sticky":false,"template":"","format":"standard","meta":{"footnotes":""},"categories":[735],"tags":[],"class_list":["post-321922","post","type-post","status-publish","format-standard","has-post-thumbnail","hentry","category-attualita"],"_links":{"self":[{"href":"https:\/\/www.radioluna.it\/news\/wp-json\/wp\/v2\/posts\/321922","targetHints":{"allow":["GET"]}}],"collection":[{"href":"https:\/\/www.radioluna.it\/news\/wp-json\/wp\/v2\/posts"}],"about":[{"href":"https:\/\/www.radioluna.it\/news\/wp-json\/wp\/v2\/types\/post"}],"author":[{"embeddable":true,"href":"https:\/\/www.radioluna.it\/news\/wp-json\/wp\/v2\/users\/60"}],"replies":[{"embeddable":true,"href":"https:\/\/www.radioluna.it\/news\/wp-json\/wp\/v2\/comments?post=321922"}],"version-history":[{"count":0,"href":"https:\/\/www.radioluna.it\/news\/wp-json\/wp\/v2\/posts\/321922\/revisions"}],"wp:featuredmedia":[{"embeddable":true,"href":"https:\/\/www.radioluna.it\/news\/wp-json\/wp\/v2\/media\/321923"}],"wp:attachment":[{"href":"https:\/\/www.radioluna.it\/news\/wp-json\/wp\/v2\/media?parent=321922"}],"wp:term":[{"taxonomy":"category","embeddable":true,"href":"https:\/\/www.radioluna.it\/news\/wp-json\/wp\/v2\/categories?post=321922"},{"taxonomy":"post_tag","embeddable":true,"href":"https:\/\/www.radioluna.it\/news\/wp-json\/wp\/v2\/tags?post=321922"}],"curies":[{"name":"wp","href":"https:\/\/api.w.org\/{rel}","templated":true}]}}